{"id":47313,"date":"2019-07-19T02:27:20","date_gmt":"2019-07-19T06:27:20","guid":{"rendered":"https:\/\/linitiative.ca\/International\/commission-de-lue-les-defis-dursula-gertrud-von-der-leyen\/"},"modified":"2019-07-19T02:27:20","modified_gmt":"2019-07-19T06:27:20","slug":"commission-de-lue-les-defis-dursula-gertrud-von-der-leyen","status":"publish","type":"post","link":"https:\/\/linitiative.ca\/International\/commission-de-lue-les-defis-dursula-gertrud-von-der-leyen\/","title":{"rendered":"Commission de l\u2019UE : Les d\u00e9fis d\u2019Ursula Gertrud Von Der Leyen"},"content":{"rendered":"<div class=\"td-post-featured-image\" readability=\"35\"><a href=\"https:\/\/i1.wp.com\/www.sidwaya.info\/wp-content\/uploads\/2019\/07\/usurla.gif?fit=702%2C470&#038;ssl=1\" data-caption=\"La nouvelle pr\u00e9sidente de la commission, Ursula Gertrud Von Der Leyen, doit travailler sur\u00a0la r\u00e9forme de l\u2019UE.\"><img loading=\"lazy\" decoding=\"async\" width=\"696\" height=\"466\" class=\"entry-thumb td-modal-image\" src=\"https:\/\/i1.wp.com\/www.sidwaya.info\/wp-content\/uploads\/2019\/07\/usurla.gif?resize=696%2C466&#038;ssl=1\" alt=\"\" title=\"usurla\"\/><\/a>La nouvelle pr\u00e9sidente de la commission, Ursula Gertrud Von Der Leyen, doit travailler sur\u00a0la r\u00e9forme de l\u2019UE.<\/div>\n<p><strong>L\u2019Allemande, Ursula Gertrud Von Der Leyen, 61 ans, a \u00e9t\u00e9 \u00e9lue \u00e0 la t\u00eate de la Commission europ\u00e9enne, le mardi 16\u00a0juillet 2019. Elle remplace le Luxembourgeois, Jean-Claude Juncker, apr\u00e8s cinq ans pass\u00e9s \u00e0 ce poste.<\/strong><\/p>\n<p>Lors de la d\u00e9signation de l\u2019Allemande Ursula Gertrud Von Der Leyen comme pr\u00e9sidente de la Commission de l\u2019Union europ\u00e9enne (UE), l\u2019un des faits qui ont marqu\u00e9 les esprits est qu\u2019elle n\u2019a pas \u00e9t\u00e9 pl\u00e9biscit\u00e9e. Apr\u00e8s de longues tractations, elle a, en effet, \u00e9t\u00e9 \u00e9lue par les eurod\u00e9put\u00e9s avec une\u00a0courte avance\u00a0: 383\u00a0voix, soit l\u00e9g\u00e8rement plus que la majorit\u00e9 absolue (374\u00a0voix).<\/p>\n<p>Un score\u00a0loin des 444\u00a0bulletins qu\u2019elle aurait d\u00fb avoir, correspondant aux voix de l\u2019ensemble des conservateurs, des socio-d\u00e9mocrates et des centristes lib\u00e9raux qui lui avaient apport\u00e9 express\u00e9ment leur soutien. Pour certains observateurs, cette \u00e9lection\u00a0est le signe de l\u2019affaiblissement de l\u2019Europe et marque un d\u00e9but de turbulences. Ils\u00a0y voient une r\u00e9bellion d\u00e9mocratique, celle d\u2019un Parlement europ\u00e9en en \u00e9bullition.<\/p>\n<p>De ce fait, il se d\u00e9gage \u00e0 l\u2019unanimit\u00e9 qu\u2019avec une l\u00e9gitimit\u00e9 aussi fragile, la t\u00e2che imm\u00e9diate d\u2019Ursula Von Der Leyen de composer la Commission europ\u00e9enne s\u2019annonce ardue. De prime abord, beaucoup pensent qu\u2019elle aura du mal \u00e0 imposer son autorit\u00e9. En tous les cas, leurs inqui\u00e9tudes sont l\u00e9gitimes, car la concern\u00e9e elle-m\u00eame a reconnu, \u00e0 peine le r\u00e9sultat d\u00e9voil\u00e9, que ses d\u00e9buts seront difficiles et a appel\u00e9 les eurod\u00e9put\u00e9s \u00e0 travailler ensemble \u00abde fa\u00e7on constructive\u00bb.<\/p>\n<p>Mais, ce n\u2019est pas pour autant que la nouvelle pr\u00e9sidente doit rester inactive. Elle doit tout de suite \u00e9tablir ses priorit\u00e9s pour les cinq ans \u00e0 venir. Et elle a d\u00e9j\u00e0 donn\u00e9 des pistes sur l\u2019engagement \u00e9cologique,\u00a0la r\u00e9forme de l\u2019Union europ\u00e9enne et\u00a0l\u2019accroissement des pouvoirs du Parlement. Cependant, avant ces perspectives \u00e0 long terme, Ursula von der Leyen va d\u2019abord devoir composer son \u00e9quipe, le coll\u00e8ge des commissaires que les vingt-sept autres pays de l\u2019Union europ\u00e9enne vont lui proposer et qui devront eux aussi passer par une audition et un vote au Parlement europ\u00e9en.<\/p>\n<p>En d\u00e9pit de ces appr\u00e9hensions, pour d\u2019autres observateurs avis\u00e9s, l\u2019\u00e9lection d\u2019une Allemande \u00e0 la pr\u00e9sidence de la Commission est plut\u00f4t une bonne nouvelle pour l\u2019action ext\u00e9rieure de l\u2019Union europ\u00e9enne. Pour eux, cela peut am\u00e9liorer la situation par rapport \u00e0 une Allemagne assez r\u00e9tive sur les questions de d\u00e9fense et de politique ext\u00e9rieure europ\u00e9enne. Ils s\u2019appuient notamment sur le fait qu\u2019en tant que ministre, Ursula von der Leyen a soutenu les r\u00e9centes avanc\u00e9es de l\u2019Europe de la d\u00e9fense, en particulier le projet franco-allemand d\u2019avions de combat du futur. Ils estiment aussi qu\u2019elle devrait jouer un r\u00f4le important pour la mise en place du Fonds europ\u00e9en de d\u00e9fense, contre lequel les Etats-Unis sont vent debout.<\/p>\n<p>Aussi, ils croient que sa pr\u00e9sence \u00e0 Bruxelles obligera le gouvernement allemand a plus de consid\u00e9ration vis-\u00e0-vis de la Commission europ\u00e9enne, ce qui n\u2019\u00e9tait pas le cas d\u2019Angela Merkel qui a toujours privil\u00e9gi\u00e9 l\u2019intergouvernemental. Autre aspect non moins important, les Allemands sont frileux sur le renforcement de l\u2019euro, mais Ursula Von Der Leyen a \u00e9voqu\u00e9 dans son discours, l\u2019ach\u00e8vement de l\u2019Union bancaire et un march\u00e9 des capitaux.<\/p>\n<p>Son premier test en la mati\u00e8re sera sans doute le vote du budget europ\u00e9en par le Parlement et le conditionnement de l\u2019octroi des fonds structurels au respect de l\u2019Etat de droit. Une question qui pourrait susciter des oppositions entre le Conseil et le Parlement, compte tenu du poids acquis par les pays d\u2019Europe centrale au sein du groupe parlementaire du Parti populaire europ\u00e9en (PPE).<\/p>\n<p class=\"c1\"><strong>La r\u00e9daction<\/strong><\/p>\n<hr\/>\n<p><strong>Bio express<\/strong><\/p>\n<p>Ursula Gertrud Von Der Leyen, n\u00e9e le 8 octobre 1958 \u00e0 Ixelles (Belgique), est une femme politique allemande membre de l\u2019Union chr\u00e9tienne-d\u00e9mocrate (CDU). En 2003, elle devient ministre de la Famille du Land. Deux ans plus tard, elle est choisie par Angela Merkel pour occuper le minist\u00e8re f\u00e9d\u00e9ral de la Famille dans sa premi\u00e8re grande coalition. Proche de la chanceli\u00e8re, elle m\u00e8ne une politique familiale jug\u00e9e aux antipodes des positions de son parti en favorisant notamment le d\u00e9veloppement des cr\u00e8ches et en instituant un \u00ab salaire parental \u00bb. Elle est reconduite en octobre 2009, puis nomm\u00e9e ministre f\u00e9d\u00e9rale du Travail \u00e0 peine un mois plus tard, du fait de la d\u00e9mission de Franz Josef Jung. Elle devient ministre f\u00e9d\u00e9rale de la D\u00e9fense en d\u00e9cembre 2013, la premi\u00e8re femme \u00e0 occuper ce poste.<\/p>\n<p class=\"c1\"><strong>Source\u00a0: Wikip\u00e9dia<\/strong><\/p>\n<div class=\"td-a-rec td-a-rec-id-content_bottom td_uid_30_5d3239ae3a38c_rand td_block_template_1\"><img loading=\"lazy\" decoding=\"async\" class=\"aligncenter size-full wp-image-9623\" src=\"https:\/\/www.sidwaya.info\/wp-content\/uploads\/2019\/06\/Projet-bannie%CC%80re-Orange-mobile.jpg\" alt=\"\" width=\"728\" height=\"81\"\/><\/div>\n<p>Auteur: JK. Sidwaya<br \/>\n<a href=\"https:\/\/www.sidwaya.info\/blog\/2019\/07\/19\/commission-de-lue-les-defis-dursula-gertrud-von-der-leyen\/\">Cliquez ici pour lire l&rsquo;article depuis sa source.<\/a><\/p>\n","protected":false},"excerpt":{"rendered":"<p>La nouvelle pr\u00e9sidente de la commission, Ursula Gertrud Von Der Leyen, doit travailler sur\u00a0la r\u00e9forme de l\u2019UE. L\u2019Allemande, Ursula Gertrud Von Der Leyen, 61 ans, a \u00e9t\u00e9 \u00e9lue \u00e0 la t\u00eate de la Commission europ\u00e9enne, le mardi 16\u00a0juillet 2019. Elle remplace le Luxembourgeois, Jean-Claude Juncker, apr\u00e8s cinq ans pass\u00e9s \u00e0 ce poste. Lors de la [&hellip;]<\/p>\n","protected":false},"author":1816,"featured_media":0,"comment_status":"closed","ping_status":"closed","sticky":false,"template":"","format":"standard","meta":{"fifu_image_url":"","fifu_image_alt":"","footnotes":""},"categories":[73,81],"tags":[],"class_list":["post-47313","post","type-post","status-publish","format-standard","hentry","category-actualite","category-burkina-faso"],"_links":{"self":[{"href":"https:\/\/linitiative.ca\/International\/wp-json\/wp\/v2\/posts\/47313","targetHints":{"allow":["GET"]}}],"collection":[{"href":"https:\/\/linitiative.ca\/International\/wp-json\/wp\/v2\/posts"}],"about":[{"href":"https:\/\/linitiative.ca\/International\/wp-json\/wp\/v2\/types\/post"}],"author":[{"embeddable":true,"href":"https:\/\/linitiative.ca\/International\/wp-json\/wp\/v2\/users\/1816"}],"replies":[{"embeddable":true,"href":"https:\/\/linitiative.ca\/International\/wp-json\/wp\/v2\/comments?post=47313"}],"version-history":[{"count":0,"href":"https:\/\/linitiative.ca\/International\/wp-json\/wp\/v2\/posts\/47313\/revisions"}],"wp:attachment":[{"href":"https:\/\/linitiative.ca\/International\/wp-json\/wp\/v2\/media?parent=47313"}],"wp:term":[{"taxonomy":"category","embeddable":true,"href":"https:\/\/linitiative.ca\/International\/wp-json\/wp\/v2\/categories?post=47313"},{"taxonomy":"post_tag","embeddable":true,"href":"https:\/\/linitiative.ca\/International\/wp-json\/wp\/v2\/tags?post=47313"}],"curies":[{"name":"wp","href":"https:\/\/api.w.org\/{rel}","templated":true}]}}