{"id":47315,"date":"2019-07-19T02:52:12","date_gmt":"2019-07-19T06:52:12","guid":{"rendered":"https:\/\/linitiative.ca\/International\/gestion-de-leau-une-charte-pour-baliser-le-bassin-de-la-volta\/"},"modified":"2019-07-19T02:52:12","modified_gmt":"2019-07-19T06:52:12","slug":"gestion-de-leau-une-charte-pour-baliser-le-bassin-de-la-volta","status":"publish","type":"post","link":"https:\/\/linitiative.ca\/International\/gestion-de-leau-une-charte-pour-baliser-le-bassin-de-la-volta\/","title":{"rendered":"Gestion de l\u2019eau : Une charte pour baliser le bassin  de la Volta"},"content":{"rendered":"<div class=\"td-post-featured-image\" readability=\"33\"><a href=\"https:\/\/i0.wp.com\/www.sidwaya.info\/wp-content\/uploads\/2019\/07\/bassin.gif?fit=787%2C590&#038;ssl=1\" data-caption=\"Les diff\u00e9rents acteurs ont \u00e9t\u00e9 invit\u00e9s \u00e0 des \u00e9changes francs pour aboutir au processus de ratification de la charte de l\u2019eau du bassin de la Volta.\"><img loading=\"lazy\" decoding=\"async\" width=\"696\" height=\"522\" class=\"entry-thumb td-modal-image\" src=\"https:\/\/i0.wp.com\/www.sidwaya.info\/wp-content\/uploads\/2019\/07\/bassin.gif?resize=696%2C522&#038;ssl=1\" alt=\"\" title=\"bassin\"\/><\/a>Les diff\u00e9rents acteurs ont \u00e9t\u00e9 invit\u00e9s \u00e0 des \u00e9changes francs pour aboutir au processus de ratification de la charte de l\u2019eau du bassin de la Volta.<\/div>\n<p><strong>L\u2019Autorit\u00e9 du bassin de la Volta, en collaboration avec le minist\u00e8re de l\u2019Eau et de l\u2019Assainissement, a organis\u00e9 un atelier d\u2019information et de sensibilisation au processus de ratification et de mise en \u0153uvre de la charte de l\u2019eau du bassin de la Volta, le jeudi 18 juillet 2019, \u00e0 Ouagadougou.<\/strong><\/p>\n<p>Dans le souci de baliser les diff\u00e9rents usages de l\u2019eau du bassin de la Volta, les acteurs en charge de la gestion de cette ressource se sont r\u00e9unis en atelier pour r\u00e9fl\u00e9chir au processus de ratification et de mise en \u0153uvre de la charte des ressources du bassin de la Volta. La rencontre s\u2019est tenue le jeudi 18 juillet 2019 \u00e0 Ouagadougou.<\/p>\n<p>Selon le directeur ex\u00e9cutif de l\u2019Autorit\u00e9 du bassin de la Volta (BVA), Yaovi Robert Dessouassi, la charte de l\u2019eau a pour objectif de fixer les principes, les r\u00e8gles, les proc\u00e9dures et modalit\u00e9s d\u2019une utilisation \u00e9quitable, concert\u00e9e et durable des ressources en eau partag\u00e9es du bassin de la Volta par six Etats. Il s\u2019agit du Burkina Faso, du B\u00e9nin,\u00a0du Ghana, du Mali, de la C\u00f4te d\u2019Ivoire et du Togo.<\/p>\n<p>Il a confi\u00e9 que les principes cardinaux qui constituent le socle de la charte sont\u00a0l\u2019utilisation des ressources en eau du bassin, la participation \u00e0 leur mise en valeur de mani\u00e8re \u00e9quitable et raisonnable, l\u2019obligation de coop\u00e9rer entre Etats partageant le m\u00eame bassin, l\u2019\u00e9change r\u00e9gulier de donn\u00e9es et d\u2019informations entre Etats-parties.<\/p>\n<p>Il a ajout\u00e9 entre autres la notification de mesures projet\u00e9es pouvant avoir des impacts n\u00e9gatifs, ainsi que les consultations et les n\u00e9gociations y aff\u00e9rentes, la pr\u00e9caution et la pr\u00e9vention, la protection et la pr\u00e9servation des \u00e9cosyst\u00e8mes\u00a0et l\u2019obligation de ne pas causer de dommages.<\/p>\n<h3>\u00abUn d\u00e9lai de 18 mois\u00bb<\/h3>\n<p>\u00abIl nous reste \u00e0 pr\u00e9sent deux grandes \u00e9tapes \u00e0 savoir l\u2019adoption formelle par le prochain sommet des chefs d\u2019Etat et de gouvernement de la charte de l\u2019eau puis sa soumission au parlement de chacun de nos six Etats-membres en vue de sa ratification dans un d\u00e9lai de 18 mois \u00e0 compter de la date de la tenue du sommet des chefs d\u2019Etat et de gouvernement\u00bb, a indiqu\u00e9 M. Dessouassi.<\/p>\n<p>Pour lui, l\u2019adoption formelle de la charte de l\u2019eau et sa ratification par le parlement de chacun des Etats-membres de l\u2019ABV va concr\u00e9tiser la volont\u00e9 \u00e0 coop\u00e9rer pour une gestion int\u00e9gr\u00e9e, concert\u00e9e et paisible des immenses ressources naturelles dont regorge le bassin de la Volta. Quant au directeur g\u00e9n\u00e9ral des ressources en eau, Serge Modeste Dizoun Traor\u00e9, repr\u00e9sentant le ministre de l\u2019Eau, il a rappel\u00e9 que l\u2019ABV a \u00e9t\u00e9 librement cr\u00e9\u00e9e, le 19 janvier 2007 par six Etats cit\u00e9s plus haut, ayant en partage le fleuve Volta.<\/p>\n<p>\u00abElle a pour mandat de promouvoir une concertation permanente et un d\u00e9veloppement durable pour un partage \u00e9quitable des b\u00e9n\u00e9fices en vue de la r\u00e9duction de la pauvret\u00e9 et d\u2019une meilleure int\u00e9gration socio\u00e9conomique\u00bb a-t-il relev\u00e9. Il s\u2019agit de mettre en \u0153uvre une Gestion int\u00e9gr\u00e9e des ressources en eau (GIRE) pour le partage \u00e9quitable des b\u00e9n\u00e9fices \u00e0 travers la r\u00e9alisation d\u2019ouvrages et des projets ou int\u00e9r\u00eats communs pour l\u2019am\u00e9lioration du cadre de vie des populations vivant dans le bassin.<\/p>\n<p>La charte pr\u00e9vient \u00e9galement selon le DG, les conflits et autres diff\u00e9rends entre les Etats qui utilisent l\u2019eau du bassin. Pour lui, il est important pour le Burkina Faso de ratifier cette charte, parce qu\u2019elle est en amont du bassin. \u00abJe voudrais vous rassurer de mon engagement total \u00e0 \u0153uvrer pour faciliter en temps opportun, l\u2019adoption de cette charte par le sommet des chefs d\u2019Etat et de gouvernement et sa ratification par le parlement du Burkina Faso\u00bb, a-t-il d\u00e9clar\u00e9.<\/p>\n<p class=\"c1\"><strong>Dawara Sylvie SOU<\/strong><br \/>(Stagiaire)<\/p>\n<div class=\"td-a-rec td-a-rec-id-content_bottom td_uid_30_5d3239b40bca3_rand td_block_template_1\"><img loading=\"lazy\" decoding=\"async\" class=\"aligncenter size-full wp-image-9623\" src=\"https:\/\/www.sidwaya.info\/wp-content\/uploads\/2019\/06\/Projet-bannie%CC%80re-Orange-mobile.jpg\" alt=\"\" width=\"728\" height=\"81\"\/><\/div>\n<p>Auteur: JK. Sidwaya<br \/>\n<a href=\"https:\/\/www.sidwaya.info\/blog\/2019\/07\/19\/gestion-de-leau-une-charte-pour-baliser-le-bassin-de-la-volta\/\">Cliquez ici pour lire l&rsquo;article depuis sa source.<\/a><\/p>\n","protected":false},"excerpt":{"rendered":"<p>Les diff\u00e9rents acteurs ont \u00e9t\u00e9 invit\u00e9s \u00e0 des \u00e9changes francs pour aboutir au processus de ratification de la charte de l\u2019eau du bassin de la Volta. L\u2019Autorit\u00e9 du bassin de la Volta, en collaboration avec le minist\u00e8re de l\u2019Eau et de l\u2019Assainissement, a organis\u00e9 un atelier d\u2019information et de sensibilisation au processus de ratification et [&hellip;]<\/p>\n","protected":false},"author":1816,"featured_media":0,"comment_status":"closed","ping_status":"closed","sticky":false,"template":"","format":"standard","meta":{"fifu_image_url":"","fifu_image_alt":"","footnotes":""},"categories":[73,81],"tags":[],"class_list":["post-47315","post","type-post","status-publish","format-standard","hentry","category-actualite","category-burkina-faso"],"_links":{"self":[{"href":"https:\/\/linitiative.ca\/International\/wp-json\/wp\/v2\/posts\/47315","targetHints":{"allow":["GET"]}}],"collection":[{"href":"https:\/\/linitiative.ca\/International\/wp-json\/wp\/v2\/posts"}],"about":[{"href":"https:\/\/linitiative.ca\/International\/wp-json\/wp\/v2\/types\/post"}],"author":[{"embeddable":true,"href":"https:\/\/linitiative.ca\/International\/wp-json\/wp\/v2\/users\/1816"}],"replies":[{"embeddable":true,"href":"https:\/\/linitiative.ca\/International\/wp-json\/wp\/v2\/comments?post=47315"}],"version-history":[{"count":0,"href":"https:\/\/linitiative.ca\/International\/wp-json\/wp\/v2\/posts\/47315\/revisions"}],"wp:attachment":[{"href":"https:\/\/linitiative.ca\/International\/wp-json\/wp\/v2\/media?parent=47315"}],"wp:term":[{"taxonomy":"category","embeddable":true,"href":"https:\/\/linitiative.ca\/International\/wp-json\/wp\/v2\/categories?post=47315"},{"taxonomy":"post_tag","embeddable":true,"href":"https:\/\/linitiative.ca\/International\/wp-json\/wp\/v2\/tags?post=47315"}],"curies":[{"name":"wp","href":"https:\/\/api.w.org\/{rel}","templated":true}]}}