{"id":47317,"date":"2019-07-19T03:09:22","date_gmt":"2019-07-19T07:09:22","guid":{"rendered":"https:\/\/linitiative.ca\/International\/journee-nationale-de-concertation-perenniser-loffre-de-services-et-des-financements\/"},"modified":"2019-07-19T03:09:22","modified_gmt":"2019-07-19T07:09:22","slug":"journee-nationale-de-concertation-perenniser-loffre-de-services-et-des-financements","status":"publish","type":"post","link":"https:\/\/linitiative.ca\/International\/journee-nationale-de-concertation-perenniser-loffre-de-services-et-des-financements\/","title":{"rendered":"Journ\u00e9e nationale de concertation : P\u00e9renniser l\u2019offre de services  et des financements"},"content":{"rendered":"<div class=\"td-post-featured-image\" readability=\"35\"><a href=\"https:\/\/i1.wp.com\/www.sidwaya.info\/wp-content\/uploads\/2019\/07\/dgcoop.gif?fit=797%2C426&#038;ssl=1\" data-caption=\"La repr\u00e9sentante du ministre de l\u2019Economie, des Finances et du D\u00e9veloppement, Pauline Zour\u00e9\u00a0(milieu):\u00a0\u00abLes ONG\/AD sont des partenaires de taille de l\u2019Etat\u00bb.\"><img loading=\"lazy\" decoding=\"async\" width=\"696\" height=\"372\" class=\"entry-thumb td-modal-image\" src=\"https:\/\/i1.wp.com\/www.sidwaya.info\/wp-content\/uploads\/2019\/07\/dgcoop.gif?resize=696%2C372&#038;ssl=1\" alt=\"\" title=\"dgcoop\"\/><\/a>La repr\u00e9sentante du ministre de l\u2019Economie, des Finances et du D\u00e9veloppement, Pauline Zour\u00e9\u00a0(milieu):\u00a0\u00abLes ONG\/AD sont des partenaires de taille de l\u2019Etat\u00bb.<\/div>\n<p><strong>La Direction g\u00e9n\u00e9rale de la coop\u00e9ration (DGCOOP) a organis\u00e9, le mercredi 17 juillet 2019 \u00e0 Ouagadougou, la 7e \u00e9dition des Journ\u00e9es nationales de concertation (JNC).<\/strong><\/p>\n<p>\u00abSituation s\u00e9curitaire et poursuite des actions de d\u00e9veloppement des ONG\/AD\u00a0: quelles strat\u00e9gies de p\u00e9rennisation de l\u2019offre de services et des financements\u00a0?\u00bb, c\u2019est sous ce th\u00e8me que la Direction g\u00e9n\u00e9rale de la coop\u00e9ration (DGCOOP) a tenu la 7e \u00e9dition des Journ\u00e9es de concertation (JNC), le mercredi 17 juillet 2019 \u00e0 Ouagadougou.<\/p>\n<p>L\u2019objectif de cette rencontre \u00e9tait d\u2019\u00e9changer sur la situation s\u00e9curitaire du Burkina Faso, les diff\u00e9rentes actions men\u00e9es par le gouvernement et les incidences de l\u2019ins\u00e9curit\u00e9 sur les interventions des Organisations non gouvernementales\/Associations de d\u00e9veloppement (ONG\/AD). Selon la repr\u00e9sentante du ministre de l\u2019Economie, des Finances et du D\u00e9veloppement, Pauline Zour\u00e9, les ONG\/AD sont des partenaires de \u00abtaille\u00bb de l\u2019Etat aupr\u00e8s des populations. Elles rendent des services sociaux et civils aux populations affect\u00e9es par la pr\u00e9carit\u00e9 et la vuln\u00e9rabilit\u00e9, a-t-elle expliqu\u00e9.<\/p>\n<p>Elle a aussi d\u00e9clar\u00e9 que ces ONG et Associations de d\u00e9veloppement sont des alli\u00e9es qui aident le gouvernement dans la mise en \u0153uvre du Plan national de d\u00e9veloppement \u00e9conomique et social (PNDES). Pour Pauline Zour\u00e9, les ONG\/AD, reconnues pour \u00eatre les plus proches des populations dans leurs interventions, sont expos\u00e9es aux p\u00e9rip\u00e9ties de cet environnement de moins en moins s\u00e9curis\u00e9, surtout dans les zones nordiques et orientales du Burkina Faso.<\/p>\n<p>Par cons\u00e9quent, le gouvernement fait face au retrait de certains partenaires, \u00e0 l\u2019arr\u00eat de certains financements, etc., a-t-elle affirm\u00e9. Mme Zour\u00e9 a \u00e9galement indiqu\u00e9 que le th\u00e8me a \u00e9t\u00e9 propos\u00e9 afin que l\u2019Etat et les ONG\/AD \u00e9changent largement sur la situation s\u00e9curitaire et trouvent des moyens pour s\u00e9curiser davantage les zones d\u2019intervention ainsi que rassurer et mobiliser certains bailleurs de fonds.<\/p>\n<p>A l\u2019entendre, les \u00e9changes se sont faits sur deux sous-th\u00e8mes \u00e0 savoir \u00abSituation s\u00e9curitaire au Burkina Faso et actions de mitigation par l\u2019Etat\u00bb et \u00abIncidence s\u00e9curitaire sur l\u2019action des ONG\/AD au Burkina Faso\u00a0: \u00e9tat des lieux et recommandations\u00bb. D\u2019une mani\u00e8re g\u00e9n\u00e9rale, il est attendu \u00e0 l\u2019issue des journ\u00e9es de concertation 2019, une meilleure connaissance de la situation s\u00e9curitaire du Burkina Faso, a-t-elle poursuivi.<\/p>\n<p>Pour ce qui est du d\u00e9roulement des travaux, il y a eu des expositions des savoirs et savoir-faire des ONG\/AD, une pl\u00e9ni\u00e8re sous forme de communication et un dialogue direct avec le Premier ministre, Christophe Joseph Marie Dabir\u00e9, a-t-elle ajout\u00e9.<\/p>\n<h3>Les acquis des ONG\/AD<\/h3>\n<p>\u00abLa situation d\u2019ins\u00e9curit\u00e9 que nous vivons aujourd\u2019hui nous concerne tous et nous interpelle\u00bb, a \u00e9voqu\u00e9 le repr\u00e9sentant du Premier ministre, chef du gouvernement, le ministre Harouna Kabor\u00e9. De ce fait, le th\u00e8me cit\u00e9 plus haut qui est d\u2019une importance capitale permettra d\u2019\u00e9changer en vue de d\u00e9gager des pistes de solutions permettant aux diff\u00e9rents acteurs d\u2019assurer la continuit\u00e9 de leurs interventions, a-t-il signifi\u00e9.<\/p>\n<p>Selon Harouna Kabor\u00e9, les ONG\/AD constituent des acteurs fortement impliqu\u00e9s dans le d\u00e9veloppement de la nation. Donc, il est n\u00e9cessaire pour le gouvernement d\u2019associer de fa\u00e7on efficace et efficiente l\u2019ensemble des acteurs \u00e0 l\u2019\u00e9dification de la nation et de pr\u00eater l\u2019oreille attentive \u00e0 leurs pr\u00e9occupations, a-t-il mentionn\u00e9.<\/p>\n<p>Il a, par ailleurs, affirm\u00e9 que les ONG\/AD \u00e9tant plus proches des populations, connaissent mieux ces r\u00e9alit\u00e9s, ce qui n\u00e9cessite l\u2019accompagnement et l\u2019encouragement du gouvernement. A l\u2019\u00e9couter, les ONG\/AD depuis leurs mises en place ont multipli\u00e9 leurs actions. Elles ont mobilis\u00e9 de 2016 \u00e0 2018, plus de 311 milliards FCFA investis dans toutes les r\u00e9gions du Burkina Faso et dans des projets socio\u00e9conomiques, a-t-il ajout\u00e9.<\/p>\n<p>Ces investissements, a-t-il expliqu\u00e9, ont permis la r\u00e9alisation de plusieurs \u00e9tablissements scolaires, des centres de sant\u00e9 et bien d\u2019autres. Pour terminer, Harouna Kabor\u00e9 a souhait\u00e9 que tous puissent s\u2019impliquer et s\u2019investir dans les actions de renforcement de la s\u00e9curit\u00e9 de la nation. Environ cent cinquante participants ont pris part \u00e0 cette rencontre.<\/p>\n<p class=\"c1\"><strong>Antoinette BENON<\/strong><br \/>(Stagiaire)<\/p>\n<div class=\"td-a-rec td-a-rec-id-content_bottom td_uid_30_5d3239b99ec10_rand td_block_template_1\"><img loading=\"lazy\" decoding=\"async\" class=\"aligncenter size-full wp-image-9623\" src=\"https:\/\/www.sidwaya.info\/wp-content\/uploads\/2019\/06\/Projet-bannie%CC%80re-Orange-mobile.jpg\" alt=\"\" width=\"728\" height=\"81\"\/><\/div>\n<p>Auteur: JK. Sidwaya<br \/>\n<a href=\"https:\/\/www.sidwaya.info\/blog\/2019\/07\/19\/journee-nationale-de-concertation-perenniser-loffre-de-services-et-des-financements\/\">Cliquez ici pour lire l&rsquo;article depuis sa source.<\/a><\/p>\n","protected":false},"excerpt":{"rendered":"<p>La repr\u00e9sentante du ministre de l\u2019Economie, des Finances et du D\u00e9veloppement, Pauline Zour\u00e9\u00a0(milieu):\u00a0\u00abLes ONG\/AD sont des partenaires de taille de l\u2019Etat\u00bb. La Direction g\u00e9n\u00e9rale de la coop\u00e9ration (DGCOOP) a organis\u00e9, le mercredi 17 juillet 2019 \u00e0 Ouagadougou, la 7e \u00e9dition des Journ\u00e9es nationales de concertation (JNC). \u00abSituation s\u00e9curitaire et poursuite des actions de d\u00e9veloppement des [&hellip;]<\/p>\n","protected":false},"author":1816,"featured_media":0,"comment_status":"closed","ping_status":"closed","sticky":false,"template":"","format":"standard","meta":{"fifu_image_url":"","fifu_image_alt":"","footnotes":""},"categories":[73,81],"tags":[],"class_list":["post-47317","post","type-post","status-publish","format-standard","hentry","category-actualite","category-burkina-faso"],"_links":{"self":[{"href":"https:\/\/linitiative.ca\/International\/wp-json\/wp\/v2\/posts\/47317","targetHints":{"allow":["GET"]}}],"collection":[{"href":"https:\/\/linitiative.ca\/International\/wp-json\/wp\/v2\/posts"}],"about":[{"href":"https:\/\/linitiative.ca\/International\/wp-json\/wp\/v2\/types\/post"}],"author":[{"embeddable":true,"href":"https:\/\/linitiative.ca\/International\/wp-json\/wp\/v2\/users\/1816"}],"replies":[{"embeddable":true,"href":"https:\/\/linitiative.ca\/International\/wp-json\/wp\/v2\/comments?post=47317"}],"version-history":[{"count":0,"href":"https:\/\/linitiative.ca\/International\/wp-json\/wp\/v2\/posts\/47317\/revisions"}],"wp:attachment":[{"href":"https:\/\/linitiative.ca\/International\/wp-json\/wp\/v2\/media?parent=47317"}],"wp:term":[{"taxonomy":"category","embeddable":true,"href":"https:\/\/linitiative.ca\/International\/wp-json\/wp\/v2\/categories?post=47317"},{"taxonomy":"post_tag","embeddable":true,"href":"https:\/\/linitiative.ca\/International\/wp-json\/wp\/v2\/tags?post=47317"}],"curies":[{"name":"wp","href":"https:\/\/api.w.org\/{rel}","templated":true}]}}