{"id":47318,"date":"2019-07-19T08:25:38","date_gmt":"2019-07-19T12:25:38","guid":{"rendered":"https:\/\/linitiative.ca\/International\/declaration-mbdhp-sur-la-mort-de-11-personnes-gardees-a-vu\/"},"modified":"2019-07-19T08:25:38","modified_gmt":"2019-07-19T12:25:38","slug":"declaration-mbdhp-sur-la-mort-de-11-personnes-gardees-a-vu","status":"publish","type":"post","link":"https:\/\/linitiative.ca\/International\/declaration-mbdhp-sur-la-mort-de-11-personnes-gardees-a-vu\/","title":{"rendered":"D\u00e9claration MBDHP sur la mort de 11 personnes gard\u00e9es \u00e0 vu"},"content":{"rendered":"<div class=\"td-post-featured-image\"><a href=\"https:\/\/i0.wp.com\/www.sidwaya.info\/wp-content\/uploads\/2019\/07\/MBDHP-1.jpg?fit=500%2C454&#038;ssl=1\" data-caption=\"\"><img loading=\"lazy\" decoding=\"async\" width=\"500\" height=\"454\" class=\"entry-thumb td-modal-image\" src=\"https:\/\/i0.wp.com\/www.sidwaya.info\/wp-content\/uploads\/2019\/07\/MBDHP-1.jpg?resize=500%2C454&#038;ssl=1\" srcset=\"https:\/\/i0.wp.com\/www.sidwaya.info\/wp-content\/uploads\/2019\/07\/MBDHP-1.jpg?w=500&#038;ssl=1 500w, https:\/\/i0.wp.com\/www.sidwaya.info\/wp-content\/uploads\/2019\/07\/MBDHP-1.jpg?resize=300%2C272&#038;ssl=1 300w, https:\/\/i0.wp.com\/www.sidwaya.info\/wp-content\/uploads\/2019\/07\/MBDHP-1.jpg?resize=463%2C420&#038;ssl=1 463w\" sizes=\"auto, (max-width: 500px) 100vw, 500px\" alt=\"\" title=\"MBDHP\"\/><\/a><\/div>\n<p>C\u2019est avec indignation et une profonde tristesse que la section MBDHP du Kadiogo a appris la mort de onze (11) personnes gard\u00e9es \u00e0 vue, dans la nuit du 14 au 15 juillet 2019 \u00e0 Ouagadougou, dans les locaux de l\u2019unit\u00e9 Anti-Drogue de la police nationale.<\/p>\n<p>En ces circonstances particuli\u00e8rement tragiques, la Section pr\u00e9sente ses condol\u00e9ances les plus attrist\u00e9es aux familles \u00e9plor\u00e9es.<\/p>\n<p>Par ailleurs, ce drame survient dans le sillage d\u2019autres d\u00e9c\u00e8s suspects de personnes priv\u00e9es de libert\u00e9 intervenus dans des locaux de police et de gendarmerie de la ville et m\u00eame dans l\u2019enceinte du Tribunal de grande instance de Ouagadougou et qui ont \u00e9t\u00e9 signal\u00e9s \u00e0 la Section.<\/p>\n<p>Ces incidents graves traduisent malheureusement un m\u00e9pris des garanties et protection reconnues aux personnes sous main de justice, notamment la pr\u00e9somption d\u2019innocence, l\u2019interdiction de la torture et des traitements inhumains et le respect de la dignit\u00e9 inh\u00e9rente \u00e0 la personne humaine.<\/p>\n<p>La Section prend note de l\u2019ouverture de l\u2019enqu\u00eate annonc\u00e9e par le parquet pr\u00e8s le Tribunal de grande instance de Ouagadougou concernant la trag\u00e9die survenue dans les locaux de l\u2019unit\u00e9 Anti-Drogue. Elle suit \u00e9galement le sort des autres cas de d\u00e9c\u00e8s dont l\u2019opinion n\u2019a pas \u00e9t\u00e9 officiellement inform\u00e9e et attend vivement la manifestation de la v\u00e9rit\u00e9 et de la justice dans tous ces cas.<\/p>\n<p>Au regard de ce qui pr\u00e9c\u00e8de, la Section MBDHP du Kadiogo\u00a0:<\/p>\n<ul>\n<li>r\u00e9it\u00e8re ses condol\u00e9ances les plus attrist\u00e9es aux familles des personnes d\u00e9c\u00e9d\u00e9es\u00a0;<\/li>\n<li>invite les autorit\u00e9s judiciaires \u00e0 \u0153uvrer diligemment \u00e0 la manifestation de la lumi\u00e8re et de la justice sur ces drames\u00a0;<\/li>\n<li>Appelle les structures en charge de la d\u00e9fense du territoire et de la s\u00e9curit\u00e9 \u00e0 une r\u00e9elle consid\u00e9ration des droits humains dans l\u2019accomplissement de leurs missions, conform\u00e9ment aux exigences des r\u00e8gles et principes de l\u2019Etat de droit, dans ce contexte national d\u00e9j\u00e0 d\u00e9l\u00e9t\u00e8re en mati\u00e8re de s\u00e9curit\u00e9 des citoyens\u00a0;<\/li>\n<li>Appelle \u00e9galement le gouvernement \u00e0 prendre toutes les dispositions n\u00e9cessaires pour le respect effectif de ses obligations en rapport avec les textes nationaux et internationaux auxquels il a librement souscrit en mati\u00e8re de traitement des personnes priv\u00e9es de libert\u00e9.<\/li>\n<\/ul>\n<p class=\"c1\">Fait \u00e0 Ouagadougou, le 18 juillet 2019<\/p>\n<p class=\"c1\">Le Bureau de la Section MBDHP de Kadiogo<\/p>\n<div class=\"td-a-rec td-a-rec-id-content_bottom td_uid_30_5d3239bc6661e_rand td_block_template_1\"><img loading=\"lazy\" decoding=\"async\" class=\"aligncenter size-full wp-image-9623\" src=\"https:\/\/www.sidwaya.info\/wp-content\/uploads\/2019\/06\/Projet-bannie%CC%80re-Orange-mobile.jpg\" alt=\"\" width=\"728\" height=\"81\"\/><\/div>\n<p>Auteur: BS. Sidwaya<br \/>\n<a href=\"https:\/\/www.sidwaya.info\/blog\/2019\/07\/19\/declaration-mbdhp-sur-la-mort-de-11-personnes-gardees-a-vu\/\">Cliquez ici pour lire l&rsquo;article depuis sa source.<\/a><\/p>\n","protected":false},"excerpt":{"rendered":"<p>C\u2019est avec indignation et une profonde tristesse que la section MBDHP du Kadiogo a appris la mort de onze (11) personnes gard\u00e9es \u00e0 vue, dans la nuit du 14 au 15 juillet 2019 \u00e0 Ouagadougou, dans les locaux de l\u2019unit\u00e9 Anti-Drogue de la police nationale. En ces circonstances particuli\u00e8rement tragiques, la Section pr\u00e9sente ses condol\u00e9ances [&hellip;]<\/p>\n","protected":false},"author":1816,"featured_media":0,"comment_status":"closed","ping_status":"closed","sticky":false,"template":"","format":"standard","meta":{"fifu_image_url":"","fifu_image_alt":"","footnotes":""},"categories":[73,81],"tags":[],"class_list":["post-47318","post","type-post","status-publish","format-standard","hentry","category-actualite","category-burkina-faso"],"_links":{"self":[{"href":"https:\/\/linitiative.ca\/International\/wp-json\/wp\/v2\/posts\/47318","targetHints":{"allow":["GET"]}}],"collection":[{"href":"https:\/\/linitiative.ca\/International\/wp-json\/wp\/v2\/posts"}],"about":[{"href":"https:\/\/linitiative.ca\/International\/wp-json\/wp\/v2\/types\/post"}],"author":[{"embeddable":true,"href":"https:\/\/linitiative.ca\/International\/wp-json\/wp\/v2\/users\/1816"}],"replies":[{"embeddable":true,"href":"https:\/\/linitiative.ca\/International\/wp-json\/wp\/v2\/comments?post=47318"}],"version-history":[{"count":0,"href":"https:\/\/linitiative.ca\/International\/wp-json\/wp\/v2\/posts\/47318\/revisions"}],"wp:attachment":[{"href":"https:\/\/linitiative.ca\/International\/wp-json\/wp\/v2\/media?parent=47318"}],"wp:term":[{"taxonomy":"category","embeddable":true,"href":"https:\/\/linitiative.ca\/International\/wp-json\/wp\/v2\/categories?post=47318"},{"taxonomy":"post_tag","embeddable":true,"href":"https:\/\/linitiative.ca\/International\/wp-json\/wp\/v2\/tags?post=47318"}],"curies":[{"name":"wp","href":"https:\/\/api.w.org\/{rel}","templated":true}]}}