{"id":47320,"date":"2019-07-19T14:18:03","date_gmt":"2019-07-19T18:18:03","guid":{"rendered":"https:\/\/linitiative.ca\/International\/finale-can-2019-le-consulat-du-senegal-au-maroc-installe-une-fan-zone-a-casablanca\/"},"modified":"2019-07-19T14:18:03","modified_gmt":"2019-07-19T18:18:03","slug":"finale-can-2019-le-consulat-du-senegal-au-maroc-installe-une-fan-zone-a-casablanca","status":"publish","type":"post","link":"https:\/\/linitiative.ca\/International\/finale-can-2019-le-consulat-du-senegal-au-maroc-installe-une-fan-zone-a-casablanca\/","title":{"rendered":"Finale CAN-2019: Le consulat du S\u00e9n\u00e9gal au Maroc installe une fan zone \u00e0 Casablanca"},"content":{"rendered":"<div readability=\"32\">\n<p>Publi\u00e9 le 19.07.2019 \u00e0 19h18 par APA News<\/p>\n<\/div>\n<div readability=\"56\">\n<p>Le Consulat du S\u00e9n\u00e9gal au Maroc a install\u00e9 une fan zone \u00e0 la corniche Ain Diab \u00e0 Casablanca pour permettre aux supporters s\u00e9n\u00e9galais de suivre ensemble la finale devant mettre aux prises les Fennecs et les Lions de la Teranga.Bien appr\u00e9ci\u00e9e \u00a0par la nombreuse communaut\u00e9 s\u00e9n\u00e9galaise de la capitale \u00e9conomique du Maroc, cette fan zone est pr\u00e9vue d\u2019accueillir au moins 400 supporters.<\/p>\n<p>Lors du match contre la Tunisie en demi-finale de la CAN-2019, les supporters s\u00e9n\u00e9galais n\u2019avaient pas pu suivre le match ensemble. N\u00e9anmoins, dans la plupart des quartiers o\u00f9 ils r\u00e9sident en nombre important, ils ne se sont pas priv\u00e9s de sortir manifester leur joie.<\/p>\n<p>\u00a0Cela a \u00e9t\u00e9 le cas, en particulier, dans le quartier Oulfa o\u00f9 des centaines de supporters s\u00e9n\u00e9galais se sont spontan\u00e9ment retrouv\u00e9s dans les rues pour c\u00e9l\u00e9brer cette victoire, synonyme d\u2019une finale historique, la seconde pour les Lions de la Teranga en 17 ans.<\/p>\n<p>Au Maroc, m\u00eame s\u2019il n\u2019existe aucune statistique \u00e9manant de sources officielles, la communaut\u00e9 s\u00e9n\u00e9galaise compte plus de 50.0000 personnes r\u00e9sidant dans les diff\u00e9rentes villes marocaines.<\/p>\n<\/div>\n<p>Auteur: APA News<br \/>\n<a href=\"https:\/\/www.journalducameroun.com\/finale-can-2019-le-consulat-du-senegal-au-maroc-installe-une-fan-zone-a-casablanca\/\">Cliquez ici pour lire l&rsquo;article depuis sa source.<\/a><\/p>\n","protected":false},"excerpt":{"rendered":"<p>Publi\u00e9 le 19.07.2019 \u00e0 19h18 par APA News Le Consulat du S\u00e9n\u00e9gal au Maroc a install\u00e9 une fan zone \u00e0 la corniche Ain Diab \u00e0 Casablanca pour permettre aux supporters s\u00e9n\u00e9galais de suivre ensemble la finale devant mettre aux prises les Fennecs et les Lions de la Teranga.Bien appr\u00e9ci\u00e9e \u00a0par la nombreuse communaut\u00e9 s\u00e9n\u00e9galaise de [&hellip;]<\/p>\n","protected":false},"author":1965,"featured_media":0,"comment_status":"closed","ping_status":"closed","sticky":false,"template":"","format":"standard","meta":{"fifu_image_url":"","fifu_image_alt":"","footnotes":""},"categories":[73,82],"tags":[],"class_list":["post-47320","post","type-post","status-publish","format-standard","hentry","category-actualite","category-cameroun"],"_links":{"self":[{"href":"https:\/\/linitiative.ca\/International\/wp-json\/wp\/v2\/posts\/47320","targetHints":{"allow":["GET"]}}],"collection":[{"href":"https:\/\/linitiative.ca\/International\/wp-json\/wp\/v2\/posts"}],"about":[{"href":"https:\/\/linitiative.ca\/International\/wp-json\/wp\/v2\/types\/post"}],"author":[{"embeddable":true,"href":"https:\/\/linitiative.ca\/International\/wp-json\/wp\/v2\/users\/1965"}],"replies":[{"embeddable":true,"href":"https:\/\/linitiative.ca\/International\/wp-json\/wp\/v2\/comments?post=47320"}],"version-history":[{"count":0,"href":"https:\/\/linitiative.ca\/International\/wp-json\/wp\/v2\/posts\/47320\/revisions"}],"wp:attachment":[{"href":"https:\/\/linitiative.ca\/International\/wp-json\/wp\/v2\/media?parent=47320"}],"wp:term":[{"taxonomy":"category","embeddable":true,"href":"https:\/\/linitiative.ca\/International\/wp-json\/wp\/v2\/categories?post=47320"},{"taxonomy":"post_tag","embeddable":true,"href":"https:\/\/linitiative.ca\/International\/wp-json\/wp\/v2\/tags?post=47320"}],"curies":[{"name":"wp","href":"https:\/\/api.w.org\/{rel}","templated":true}]}}