{"id":47321,"date":"2019-07-19T14:18:05","date_gmt":"2019-07-19T18:18:05","guid":{"rendered":"https:\/\/linitiative.ca\/International\/noel-yao-detenteur-dune-carte-de-presse-or-devoile-le-mal-des-medias-ivoiriens\/"},"modified":"2019-07-19T14:18:05","modified_gmt":"2019-07-19T18:18:05","slug":"noel-yao-detenteur-dune-carte-de-presse-or-devoile-le-mal-des-medias-ivoiriens","status":"publish","type":"post","link":"https:\/\/linitiative.ca\/International\/noel-yao-detenteur-dune-carte-de-presse-or-devoile-le-mal-des-medias-ivoiriens\/","title":{"rendered":"No\u00ebl Yao, d\u00e9tenteur d\u2019une carte de presse or, d\u00e9voile le mal des m\u00e9dias ivoiriens"},"content":{"rendered":"<div readability=\"32\">\n<p>Publi\u00e9 le 19.07.2019 \u00e0 19h18 par APA News<\/p>\n<\/div>\n<div readability=\"110\">\n<p>Le journaliste ivoirien, No\u00ebl Yao, d\u00e9tenteur d\u2019une carte de presse honorifique or, a retrac\u00e9 vendredi \u00e0 Abidjan, l\u2019\u00e9lan des \u00e9crits journalistiques en C\u00f4te d\u2019Ivoire, face \u00e0 des \u00e9tudiants \u00e0 l\u2019Universit\u00e9 F\u00e9lix Houphou\u00ebt-Boigny, soutenant que \u00abla presse souffre de son c\u00f4t\u00e9 partisan\u00bb.Journaliste \u00e9m\u00e9rite, No\u00ebl Yao s\u2019est vu d\u00e9cerner par la Commission paritaire d\u2019attribution de la Carte d\u2019identit\u00e9 de journaliste professionnel (CIJP), une carte de presse couleur or. Une distinction, qui n\u2019est pas octroy\u00e9e \u00e0 la demande, et notamment attribu\u00e9e \u00e0 des ic\u00f4nes des m\u00e9dias qui n\u2019exercent plus le m\u00e9tier. \u00a0<\/p>\n<p>Devant des \u00e9tudiants en communication, M. No\u00ebl Yao qui s\u2019exprimait \u00a0sur le th\u00e8me, \u00ab communication politique et journalisme \u00bb, a relev\u00e9 que la presse ivoirienne est \u00e0 l\u2019\u00e9preuve de la pesanteur des id\u00e9ologies politiques. Il a indiqu\u00e9 que cela est d\u00fb au fait que des politiques\/partis ont cr\u00e9\u00e9 des organes de presse.<\/p>\n<p>Abidjan Matin, dira-t-il, est devenu Fraternit\u00e9 Matin, sous l\u2019\u00e8re F\u00e9lix Houphou\u00ebt-Boigny. Ce journal officiel avait pour objectif de rassembler les fils du pays, amorcer le d\u00e9veloppement et la construction de la C\u00f4te d\u2019Ivoire. Il \u00e9tait le principal organe de diffusion de messages politiques.<\/p>\n<p>Avec l\u2019av\u00e8nement du multipartisme, des partis politiques vont voir le jour d\u00e8s le 30 avril 1990, apr\u00e8s la chute du mur de Berlin. Le printemps de la presse va ouvrir une fen\u00eatre aux chapelles politiques qui vont cr\u00e9er des journaux en vue de faire de la propagande.\u00a0<\/p>\n<p>La presse, adoss\u00e9e \u00e0 des partis politiques devient \u00ab militante et partisane \u00bb. Et depuis 1990, cette orientation guide la plupart des journaux hormis certaines presses qui tentent de garder leur ind\u00e9pendance.\u00a0<\/p>\n<p>La presse num\u00e9rique n\u2019\u00e9chappe pas \u00e0 ce fait, m\u00eame si les m\u00e9dias en ligne op\u00e8rent aujourd\u2019hui dans une \u00e8re d\u00e9mocratique, a-t-il poursuivi, faisant observer que le journalisme orthodoxe peut toutefois \u00eatre pratiqu\u00e9.<\/p>\n<p>Il a en outre \u00e9voqu\u00e9 la notion de la clause de conscience qui donne le droit aux professionnels des m\u00e9dias de saisir le tribunal de travail, en cas de changement de la ligne \u00e9ditoriale, le reflet des \u00e9crits, si d\u2019aventure cela viole la morale et la conscience de l\u2019employ\u00e9. \u00a0<\/p>\n<p>Pour lui, le journaliste devrait faire la part des choses. On peut rester professionnel, \u00a0m\u00eame en \u00e9tant dans un m\u00e9dia \u00e0 coloration politique car les faits sont sacr\u00e9s et les commentaires libres. En outre, celui-ci devrait contribuer au d\u00e9veloppement.<\/p>\n<p>No\u00ebl Yao, par ailleurs premier pr\u00e9sident de l\u2019Union nationale des journalistes de C\u00f4te d\u2019Ivoire (UNJCI) a d\u00e9plor\u00e9, de fa\u00e7on globale les \u00e9crits des journalistes en C\u00f4te d\u2019Ivoire. Selon ce brillant communicateur, conseiller en communication du vice-pr\u00e9sident ivoirien, Kablan Duncan, \u00ab il y a trop d\u2019extr\u00e9misme dans les faits \u00bb rapport\u00e9s par les professionnels des m\u00e9dias. \u00a0<\/p>\n<p>La Constitution ivoirienne consacre la libert\u00e9 d\u2019expression. Pour M. Yao libert\u00e9 de la presse est ins\u00e9parable de la vocation des m\u00e9dias qui ont pour r\u00f4le d\u2019interpr\u00e9ter la curiosit\u00e9 publique, voire rendre compte des querelles politiques. \u00a0<\/p>\n<\/div>\n<p>Auteur: APA News<br \/>\n<a href=\"https:\/\/www.journalducameroun.com\/noel-yao-detenteur-dune-carte-de-presse-or-devoile-le-mal-des-medias-ivoiriens\/\">Cliquez ici pour lire l&rsquo;article depuis sa source.<\/a><\/p>\n","protected":false},"excerpt":{"rendered":"<p>Publi\u00e9 le 19.07.2019 \u00e0 19h18 par APA News Le journaliste ivoirien, No\u00ebl Yao, d\u00e9tenteur d\u2019une carte de presse honorifique or, a retrac\u00e9 vendredi \u00e0 Abidjan, l\u2019\u00e9lan des \u00e9crits journalistiques en C\u00f4te d\u2019Ivoire, face \u00e0 des \u00e9tudiants \u00e0 l\u2019Universit\u00e9 F\u00e9lix Houphou\u00ebt-Boigny, soutenant que \u00abla presse souffre de son c\u00f4t\u00e9 partisan\u00bb.Journaliste \u00e9m\u00e9rite, No\u00ebl Yao s\u2019est vu d\u00e9cerner [&hellip;]<\/p>\n","protected":false},"author":1965,"featured_media":0,"comment_status":"closed","ping_status":"closed","sticky":false,"template":"","format":"standard","meta":{"fifu_image_url":"","fifu_image_alt":"","footnotes":""},"categories":[73,82],"tags":[],"class_list":["post-47321","post","type-post","status-publish","format-standard","hentry","category-actualite","category-cameroun"],"_links":{"self":[{"href":"https:\/\/linitiative.ca\/International\/wp-json\/wp\/v2\/posts\/47321","targetHints":{"allow":["GET"]}}],"collection":[{"href":"https:\/\/linitiative.ca\/International\/wp-json\/wp\/v2\/posts"}],"about":[{"href":"https:\/\/linitiative.ca\/International\/wp-json\/wp\/v2\/types\/post"}],"author":[{"embeddable":true,"href":"https:\/\/linitiative.ca\/International\/wp-json\/wp\/v2\/users\/1965"}],"replies":[{"embeddable":true,"href":"https:\/\/linitiative.ca\/International\/wp-json\/wp\/v2\/comments?post=47321"}],"version-history":[{"count":0,"href":"https:\/\/linitiative.ca\/International\/wp-json\/wp\/v2\/posts\/47321\/revisions"}],"wp:attachment":[{"href":"https:\/\/linitiative.ca\/International\/wp-json\/wp\/v2\/media?parent=47321"}],"wp:term":[{"taxonomy":"category","embeddable":true,"href":"https:\/\/linitiative.ca\/International\/wp-json\/wp\/v2\/categories?post=47321"},{"taxonomy":"post_tag","embeddable":true,"href":"https:\/\/linitiative.ca\/International\/wp-json\/wp\/v2\/tags?post=47321"}],"curies":[{"name":"wp","href":"https:\/\/api.w.org\/{rel}","templated":true}]}}