{"id":47322,"date":"2019-07-19T14:50:02","date_gmt":"2019-07-19T18:50:02","guid":{"rendered":"https:\/\/linitiative.ca\/International\/iran-les-gardiens-de-la-revolution-disent-avoir-confisque-un-tanker-britannique\/"},"modified":"2019-07-19T14:50:02","modified_gmt":"2019-07-19T18:50:02","slug":"iran-les-gardiens-de-la-revolution-disent-avoir-confisque-un-tanker-britannique","status":"publish","type":"post","link":"https:\/\/linitiative.ca\/International\/iran-les-gardiens-de-la-revolution-disent-avoir-confisque-un-tanker-britannique\/","title":{"rendered":"Iran: les Gardiens de la R\u00e9volution disent avoir \u00ab\u00a0confisqu\u00e9\u00a0\u00bb un tanker britannique"},"content":{"rendered":"<div readability=\"32\">\n<p>Publi\u00e9 le 19.07.2019 \u00e0 19h50 par AFP<\/p>\n<\/div>\n<div readability=\"71\">\n<p>Les Gardiens de la R\u00e9volution iraniens ont annonc\u00e9 vendredi soir avoir \u00ab\u00a0confisqu\u00e9\u00a0\u00bb un p\u00e9trolier britannique, le Stena Impero, dans le d\u00e9troit d\u2019Ormuz.<\/p>\n<p>Le b\u00e2timent a \u00e9t\u00e9 arraisonn\u00e9 par la force navale des Gardiens pour \u00ab\u00a0non respect du code maritime international\u00a0\u00bb, \u00ab\u00a0\u00e0 la demande de l\u2019Autorit\u00e9 portuaire et maritime de la province de l\u2019Hormozgan\u00a0\u00bb, indique un communiqu\u00e9 sur Sepahnews, le site internet des Gardiens de la R\u00e9volution.<\/p>\n<p>Le Stena Impero \u00ab\u00a0a \u00e9t\u00e9 amen\u00e9 jusqu\u2019\u00e0 la c\u00f4te apr\u00e8s sa saisie et remis \u00e0 l\u2019Autorit\u00e9 afin [que puissent commencer] la proc\u00e9dure l\u00e9gale et l\u2019enqu\u00eate\u00a0\u00bb, ajoutent les Gardiens, arm\u00e9e id\u00e9ologique de la R\u00e9publique islamique dans ce bref communiqu\u00e9.<\/p>\n<p>L\u2019annonce de la saisie du Stena Impero survient quelques heures apr\u00e8s que la Cour supr\u00eame de Gibraltar eut d\u00e9cid\u00e9 de prolonger pour 30 jours l\u2019immobilisation du p\u00e9trolier iranien Grace 1.<\/p>\n<p>Le navire avait \u00e9t\u00e9 arraisonn\u00e9 le 4 juillet par les autorit\u00e9s de Gibraltar, territoire situ\u00e9 \u00e0 l\u2019extr\u00eame sud de l\u2019Espagne, qui le soup\u00e7onnaient de livrer du brut \u00e0 la Syrie en violation des sanctions de l\u2019Union europ\u00e9ennes contre Damas.<\/p>\n<p>T\u00e9h\u00e9ran a nie cette accusation et d\u00e9nonce un acte de \u00ab\u00a0piraterie\u00a0\u00bb envers le navire charg\u00e9 de 2,1 millions de barils de brut.<\/p>\n<p>Mardi, le guide supr\u00eame iranien, l\u2019ayatollah Ali Khamenei avait d\u00e9clar\u00e9 que l\u2019Iran ne laisserait \u00ab\u00a0pas cette malveillance sans r\u00e9ponse.\u00a0\u00bb<\/p>\n<p>\u00ab\u00a0Nous y r\u00e9pondrons au moment et \u00e0 l\u2019endroit opportuns\u00a0\u00bb, avait-t-il ajout\u00e9 sans plus de pr\u00e9cision.<\/p>\n<\/div>\n<p>Auteur: AFP<br \/>\n<a href=\"https:\/\/www.journalducameroun.com\/iran-les-gardiens-de-la-revolution-disent-avoir-confisque-un-tanker-britannique\/\">Cliquez ici pour lire l&rsquo;article depuis sa source.<\/a><\/p>\n","protected":false},"excerpt":{"rendered":"<p>Publi\u00e9 le 19.07.2019 \u00e0 19h50 par AFP Les Gardiens de la R\u00e9volution iraniens ont annonc\u00e9 vendredi soir avoir \u00ab\u00a0confisqu\u00e9\u00a0\u00bb un p\u00e9trolier britannique, le Stena Impero, dans le d\u00e9troit d\u2019Ormuz. Le b\u00e2timent a \u00e9t\u00e9 arraisonn\u00e9 par la force navale des Gardiens pour \u00ab\u00a0non respect du code maritime international\u00a0\u00bb, \u00ab\u00a0\u00e0 la demande de l\u2019Autorit\u00e9 portuaire et maritime [&hellip;]<\/p>\n","protected":false},"author":1965,"featured_media":0,"comment_status":"closed","ping_status":"closed","sticky":false,"template":"","format":"standard","meta":{"fifu_image_url":"","fifu_image_alt":"","footnotes":""},"categories":[73,82],"tags":[],"class_list":["post-47322","post","type-post","status-publish","format-standard","hentry","category-actualite","category-cameroun"],"_links":{"self":[{"href":"https:\/\/linitiative.ca\/International\/wp-json\/wp\/v2\/posts\/47322","targetHints":{"allow":["GET"]}}],"collection":[{"href":"https:\/\/linitiative.ca\/International\/wp-json\/wp\/v2\/posts"}],"about":[{"href":"https:\/\/linitiative.ca\/International\/wp-json\/wp\/v2\/types\/post"}],"author":[{"embeddable":true,"href":"https:\/\/linitiative.ca\/International\/wp-json\/wp\/v2\/users\/1965"}],"replies":[{"embeddable":true,"href":"https:\/\/linitiative.ca\/International\/wp-json\/wp\/v2\/comments?post=47322"}],"version-history":[{"count":0,"href":"https:\/\/linitiative.ca\/International\/wp-json\/wp\/v2\/posts\/47322\/revisions"}],"wp:attachment":[{"href":"https:\/\/linitiative.ca\/International\/wp-json\/wp\/v2\/media?parent=47322"}],"wp:term":[{"taxonomy":"category","embeddable":true,"href":"https:\/\/linitiative.ca\/International\/wp-json\/wp\/v2\/categories?post=47322"},{"taxonomy":"post_tag","embeddable":true,"href":"https:\/\/linitiative.ca\/International\/wp-json\/wp\/v2\/tags?post=47322"}],"curies":[{"name":"wp","href":"https:\/\/api.w.org\/{rel}","templated":true}]}}