{"id":47323,"date":"2019-07-19T14:50:03","date_gmt":"2019-07-19T18:50:03","guid":{"rendered":"https:\/\/linitiative.ca\/International\/kosovo-demission-du-premier-ministre-convoque-par-la-justice-internationale\/"},"modified":"2019-07-19T14:50:03","modified_gmt":"2019-07-19T18:50:03","slug":"kosovo-demission-du-premier-ministre-convoque-par-la-justice-internationale","status":"publish","type":"post","link":"https:\/\/linitiative.ca\/International\/kosovo-demission-du-premier-ministre-convoque-par-la-justice-internationale\/","title":{"rendered":"Kosovo: d\u00e9mission du Premier ministre, convoqu\u00e9 par la justice internationale"},"content":{"rendered":"<div readability=\"32\">\n<p>Publi\u00e9 le 19.07.2019 \u00e0 19h50 par AFP<\/p>\n<\/div>\n<div readability=\"150\">\n<p>Le Premier ministre du Kosovo Ramush Haradinaj, ancien commandant de la gu\u00e9rilla kosovare pendant le conflit de 1998-99, a d\u00e9missionn\u00e9 vendredi apr\u00e8s avoir \u00e9t\u00e9 convoqu\u00e9 par la justice internationale qui le soup\u00e7onne de crimes de guerre.<\/p>\n<p>\u00ab\u00a0J\u2019ai re\u00e7u une convocation du tribunal sp\u00e9cial en tant que suspect et je me suis vu offrir la possibilit\u00e9 de m\u2019y rendre en ma qualit\u00e9 de Premier ministre ou en tant que simple citoyen. J\u2019ai choisi la deuxi\u00e8me option\u00a0\u00bb, a d\u00e9clar\u00e9 Ramush Haradinaj, 51 ans, \u00e0 la presse.<\/p>\n<p>Il a pr\u00e9cis\u00e9 qu\u2019il serait entendu par le tribunal sp\u00e9cial international \u00ab\u00a0la semaine prochaine\u00a0\u00bb.<\/p>\n<p>Cr\u00e9\u00e9 en 2015, ce tribunal, compos\u00e9 de juges internationaux et financ\u00e9 par l\u2019Union europ\u00e9enne, est une instance de droit kosovar install\u00e9e \u00e0 La Haye par souci de protection des t\u00e9moins.<\/p>\n<p>Il est charg\u00e9 d\u2019enqu\u00eater sur les crimes pr\u00e9sum\u00e9s commis par la gu\u00e9rilla albanaise (UCK) au Kosovo principalement contre des Serbes, des Roms et des opposants albanais \u00e0 l\u2019UCK pendant et apr\u00e8s le conflit de 1998-99.<\/p>\n<p>Dernier conflit en ex-Yougoslavie, la guerre du Kosovo entre forces serbes et gu\u00e9rilla ind\u00e9pendantiste kosovare albanaise avait fait plus de 13.000 morts (dont plus de 11.000 Kosovars albanais, 2.000 Serbes et quelques centaines de Roms).<\/p>\n<p>\u00ab\u00a0La responsabilit\u00e9 revient d\u00e9sormais au pr\u00e9sident d\u2019organiser des consultations pour d\u00e9terminer la date des \u00e9lections. Je me pr\u00e9sente de nouveau au peuple (\u00e0 ces \u00e9lections) afin d\u2019obtenir (\u00e0 nouveau) sa confiance. Je ne suis pas accus\u00e9, je vais \u00eatre interrog\u00e9\u00a0\u00bb, a d\u00e9clar\u00e9 M. Haradinaj, visiblement \u00e9mu, apr\u00e8s une r\u00e9union du gouvernement.<\/p>\n<p>\u00ab\u00a0Le gouvernement continuera \u00e0 exercer ses fonctions sans qu\u2019il y ait de vide\u00a0\u00bb du pouvoir, a-t-il pr\u00e9cis\u00e9.<\/p>\n<p>Le pr\u00e9sident kosovar Hashim Tha\u00e7i a la possibilit\u00e9, avant de convoquer des l\u00e9gislatives anticip\u00e9es, de nommer un nouveau candidat au poste de Premier ministre, en concertation avec la coalition au pouvoir, et de le charger de mettre en place un nouveau gouvernement.<\/p>\n<p>M. Tha\u00e7i a indiqu\u00e9 sur Facebook \u00ab\u00a0respecter la d\u00e9cision\u00a0\u00bb de M. Haradinaj.<\/p>\n<p>\u00ab\u00a0Je tiens en tant que pr\u00e9sident \u00e0 vous assurer que j\u2019agirai en accord avec mes pr\u00e9rogatives constitutionnelles et que j\u2019en informerai les citoyens\u00a0\u00bb, a \u00e9crit M. Tha\u00e7i.<\/p>\n<p>Le pr\u00e9sident a pr\u00e9cis\u00e9 que d\u2019autres ex-officiers de l\u2019UCK ont \u00e9t\u00e9 convoqu\u00e9s \u00e0 La Haye, dont son conseiller et ancien chef d\u2019\u00e9tat-major de l\u2019UCK, Bislim Zyrapi.<\/p>\n<p>La d\u00e9mission de Ramush Haradinaj intervient au moment o\u00f9 les tensions avec la Serbie sont croissantes, alors que le dialogue sur la normalisation des relations entre Pristina et Belgrade est au point mort depuis des mois.<\/p>\n<p>La Serbie refuse de poursuivre ce dialogue, qui se d\u00e9roule sous l\u2019\u00e9gide de l\u2019UE, tant que le Kosovo ne l\u00e8vera pas les taxes de 100% sur les produits import\u00e9s de Serbie, introduites en novembre par Pristina.<\/p>\n<p>\u2013 D\u00e9j\u00e0 acquitt\u00e9 \u2013<\/p>\n<p>Ramush Haradinaj a rejet\u00e9 \u00e0 plusieurs reprises les appels de la communaut\u00e9 internationale \u00e0 lever ces taxes qu\u2019il entendait maintenir tant que la Serbie n\u2019aura pas reconnu l\u2019ind\u00e9pendance de son ancienne province proclam\u00e9e en 2008.<\/p>\n<p>Un accord de normalisation des relations est une n\u00e9cessit\u00e9 pour les deux pays qui aspirent \u00e0 rejoindre l\u2019UE.<\/p>\n<p>A Belgrade, le pr\u00e9sident du Comit\u00e9 parlementaire charg\u00e9 du Kosovo Milovan Drecun a estim\u00e9 que la d\u00e9mission pourrait cr\u00e9er les conditions pour renouer le dialogue avec Pristina.<\/p>\n<p>\u00ab\u00a0Haradinaj est devenu un obstacle insurmontable \u00e0 la poursuite du dialogue\u00a0\u00bb, a-t-il d\u00e9clar\u00e9, cit\u00e9 par l\u2019agence Beta.<\/p>\n<p>Ramush Haradinaj a d\u00e9j\u00e0 connu une situation similaire. En 2005, trois ans avant la proclamation d\u2019ind\u00e9pendance du Kosovo, il avait \u00e9t\u00e9 inculp\u00e9 par le Tribunal p\u00e9nal international pour l\u2019ex-Yougoslavie (TPIY), ce qui l\u2019avait d\u00e9j\u00e0 conduit \u00e0 abandonner son poste de Premier ministre.<\/p>\n<p>Le TPIY l\u2019avait, en 2008 et 2012, acquitt\u00e9 de crimes contre des civils serbes, mais aussi roms et kosovars albanais coupables de s\u2019opposer \u00e0 l\u2019UCK.<\/p>\n<p>A la mi-janvier, ce tribunal a entam\u00e9 les interrogatoires, \u00e0 La Haye, de deux autres ex-responsables de l\u2019UCK : Rrustem Mustafa, dit Remi, et Sami Lushtaku.<\/p>\n<p>Selon les m\u00e9dias au Kosovo, les premi\u00e8res inculpations devraient probablement \u00eatre prononc\u00e9es cette ann\u00e9e. Ils sp\u00e9culent \u00e9galement sur le fait que Haradinaj pourrait figurer parmi les inculp\u00e9s, de m\u00eame que le pr\u00e9sident Hashim Tha\u00e7i et le pr\u00e9sident du parlement Kadri Veseli.<\/p>\n<\/div>\n<p>Auteur: AFP<br \/>\n<a href=\"https:\/\/www.journalducameroun.com\/kosovo-demission-du-premier-ministre-convoque-par-la-justice-internationale\/\">Cliquez ici pour lire l&rsquo;article depuis sa source.<\/a><\/p>\n","protected":false},"excerpt":{"rendered":"<p>Publi\u00e9 le 19.07.2019 \u00e0 19h50 par AFP Le Premier ministre du Kosovo Ramush Haradinaj, ancien commandant de la gu\u00e9rilla kosovare pendant le conflit de 1998-99, a d\u00e9missionn\u00e9 vendredi apr\u00e8s avoir \u00e9t\u00e9 convoqu\u00e9 par la justice internationale qui le soup\u00e7onne de crimes de guerre. \u00ab\u00a0J\u2019ai re\u00e7u une convocation du tribunal sp\u00e9cial en tant que suspect et [&hellip;]<\/p>\n","protected":false},"author":1965,"featured_media":0,"comment_status":"closed","ping_status":"closed","sticky":false,"template":"","format":"standard","meta":{"fifu_image_url":"","fifu_image_alt":"","footnotes":""},"categories":[73,82],"tags":[],"class_list":["post-47323","post","type-post","status-publish","format-standard","hentry","category-actualite","category-cameroun"],"_links":{"self":[{"href":"https:\/\/linitiative.ca\/International\/wp-json\/wp\/v2\/posts\/47323","targetHints":{"allow":["GET"]}}],"collection":[{"href":"https:\/\/linitiative.ca\/International\/wp-json\/wp\/v2\/posts"}],"about":[{"href":"https:\/\/linitiative.ca\/International\/wp-json\/wp\/v2\/types\/post"}],"author":[{"embeddable":true,"href":"https:\/\/linitiative.ca\/International\/wp-json\/wp\/v2\/users\/1965"}],"replies":[{"embeddable":true,"href":"https:\/\/linitiative.ca\/International\/wp-json\/wp\/v2\/comments?post=47323"}],"version-history":[{"count":0,"href":"https:\/\/linitiative.ca\/International\/wp-json\/wp\/v2\/posts\/47323\/revisions"}],"wp:attachment":[{"href":"https:\/\/linitiative.ca\/International\/wp-json\/wp\/v2\/media?parent=47323"}],"wp:term":[{"taxonomy":"category","embeddable":true,"href":"https:\/\/linitiative.ca\/International\/wp-json\/wp\/v2\/categories?post=47323"},{"taxonomy":"post_tag","embeddable":true,"href":"https:\/\/linitiative.ca\/International\/wp-json\/wp\/v2\/tags?post=47323"}],"curies":[{"name":"wp","href":"https:\/\/api.w.org\/{rel}","templated":true}]}}