{"id":47324,"date":"2019-07-19T14:50:04","date_gmt":"2019-07-19T18:50:04","guid":{"rendered":"https:\/\/linitiative.ca\/International\/tensions-entre-seoul-et-tokyo-trump-se-dit-pret-a-aider\/"},"modified":"2019-07-19T14:50:04","modified_gmt":"2019-07-19T18:50:04","slug":"tensions-entre-seoul-et-tokyo-trump-se-dit-pret-a-aider","status":"publish","type":"post","link":"https:\/\/linitiative.ca\/International\/tensions-entre-seoul-et-tokyo-trump-se-dit-pret-a-aider\/","title":{"rendered":"Tensions entre S\u00e9oul et Tokyo: Trump se dit pr\u00eat \u00e0 aider"},"content":{"rendered":"<div readability=\"32\">\n<p>Publi\u00e9 le 19.07.2019 \u00e0 19h50 par AFP<\/p>\n<\/div>\n<div readability=\"67\">\n<p>Le pr\u00e9sident am\u00e9ricain Donald Trump s\u2019est dit vendredi pr\u00eat \u00e0 apporter son aide pour r\u00e9soudre la brouille diplomatique et commerciale entre la Cor\u00e9e du Sud et le Japon.<\/p>\n<p>\u00ab\u00a0Le pr\u00e9sident sud-cor\u00e9en m\u2019a demand\u00e9 si je pouvais m\u2019impliquer\u00a0\u00bb, a d\u00e9clar\u00e9 M. Trump depuis le Bureau ovale. \u00ab\u00a0S\u2019ils ont besoin de moi, je suis l\u00e0\u00a0\u00bb, a-t-il ajout\u00e9.<\/p>\n<p>Les querelles diplomatiques d\u00e9coulant de la colonisation brutale de la Cor\u00e9e par le Japon de 1910 \u00e0 1945 ont pris r\u00e9cemment une tournure \u00e9conomique avec le durcissement par Tokyo des conditions de certaines exportations cruciales pour S\u00e9oul et son secteur technologique.<\/p>\n<p>\u00ab\u00a0J\u2019aime les deux dirigeants, j\u2019aime le pr\u00e9sident Moon (Jae-in) et vous savez ce que je pense du Premier ministre japonais (Shinzo) Abe\u00a0\u00bb, a poursuivi M. Trump.<\/p>\n<p>\u00ab\u00a0J\u2019esp\u00e8re qu\u2019ils pourront r\u00e9soudre leurs diff\u00e9rends, mais il est ind\u00e9niable qu\u2019il y a des tensions, des tensions commerciales\u00a0\u00bb, a-t-il encore dit.<\/p>\n<p>Le Japon et la Cor\u00e9e du Sud, tous deux alli\u00e9s des Etats-Unis, entretiennent des relations tendues depuis des d\u00e9cennies au sujet de la colonisation japonaise. La querelle s\u2019est envenim\u00e9e apr\u00e8s une s\u00e9rie de d\u00e9cisions de la justice sud-cor\u00e9enne enjoignant \u00e0 des groupes japonais de d\u00e9dommager des victimes du travail forc\u00e9.<\/p>\n<p>Tokyo conteste la l\u00e9galit\u00e9 de ces poursuites, estimant que ces contentieux ont \u00e9t\u00e9 r\u00e9gl\u00e9s par le trait\u00e9 de 1965 qui avait permis la reprise des relations diplomatiques bilat\u00e9rales et qui incluait des r\u00e9parations. Mais la justice sud-cor\u00e9enne a plusieurs fois estim\u00e9 que ce trait\u00e9 controvers\u00e9 ne portait pas sur les questions relatives au travail forc\u00e9 au sein des usines japonaises.<\/p>\n<\/div>\n<p>Auteur: AFP<br \/>\n<a href=\"https:\/\/www.journalducameroun.com\/tensions-entre-seoul-et-tokyo-trump-se-dit-pret-a-aider\/\">Cliquez ici pour lire l&rsquo;article depuis sa source.<\/a><\/p>\n","protected":false},"excerpt":{"rendered":"<p>Publi\u00e9 le 19.07.2019 \u00e0 19h50 par AFP Le pr\u00e9sident am\u00e9ricain Donald Trump s\u2019est dit vendredi pr\u00eat \u00e0 apporter son aide pour r\u00e9soudre la brouille diplomatique et commerciale entre la Cor\u00e9e du Sud et le Japon. \u00ab\u00a0Le pr\u00e9sident sud-cor\u00e9en m\u2019a demand\u00e9 si je pouvais m\u2019impliquer\u00a0\u00bb, a d\u00e9clar\u00e9 M. Trump depuis le Bureau ovale. \u00ab\u00a0S\u2019ils ont besoin [&hellip;]<\/p>\n","protected":false},"author":1965,"featured_media":0,"comment_status":"closed","ping_status":"closed","sticky":false,"template":"","format":"standard","meta":{"fifu_image_url":"","fifu_image_alt":"","footnotes":""},"categories":[73,82],"tags":[],"class_list":["post-47324","post","type-post","status-publish","format-standard","hentry","category-actualite","category-cameroun"],"_links":{"self":[{"href":"https:\/\/linitiative.ca\/International\/wp-json\/wp\/v2\/posts\/47324","targetHints":{"allow":["GET"]}}],"collection":[{"href":"https:\/\/linitiative.ca\/International\/wp-json\/wp\/v2\/posts"}],"about":[{"href":"https:\/\/linitiative.ca\/International\/wp-json\/wp\/v2\/types\/post"}],"author":[{"embeddable":true,"href":"https:\/\/linitiative.ca\/International\/wp-json\/wp\/v2\/users\/1965"}],"replies":[{"embeddable":true,"href":"https:\/\/linitiative.ca\/International\/wp-json\/wp\/v2\/comments?post=47324"}],"version-history":[{"count":0,"href":"https:\/\/linitiative.ca\/International\/wp-json\/wp\/v2\/posts\/47324\/revisions"}],"wp:attachment":[{"href":"https:\/\/linitiative.ca\/International\/wp-json\/wp\/v2\/media?parent=47324"}],"wp:term":[{"taxonomy":"category","embeddable":true,"href":"https:\/\/linitiative.ca\/International\/wp-json\/wp\/v2\/categories?post=47324"},{"taxonomy":"post_tag","embeddable":true,"href":"https:\/\/linitiative.ca\/International\/wp-json\/wp\/v2\/tags?post=47324"}],"curies":[{"name":"wp","href":"https:\/\/api.w.org\/{rel}","templated":true}]}}