{"id":47326,"date":"2019-07-19T16:50:04","date_gmt":"2019-07-19T20:50:04","guid":{"rendered":"https:\/\/linitiative.ca\/International\/bresil-bolsonaro-campe-sur-ses-positions-devant-la-presse-etrangere\/"},"modified":"2019-07-19T16:50:04","modified_gmt":"2019-07-19T20:50:04","slug":"bresil-bolsonaro-campe-sur-ses-positions-devant-la-presse-etrangere","status":"publish","type":"post","link":"https:\/\/linitiative.ca\/International\/bresil-bolsonaro-campe-sur-ses-positions-devant-la-presse-etrangere\/","title":{"rendered":"Br\u00e9sil: Bolsonaro campe sur ses positions devant la presse \u00e9trang\u00e8re"},"content":{"rendered":"<div readability=\"32\">\n<p>Publi\u00e9 le 19.07.2019 \u00e0 21h50 par AFP<\/p>\n<\/div>\n<div readability=\"142\">\n<p>En tentant de corriger la vision \u00ab\u00a0d\u00e9form\u00e9e\u00a0\u00bb du Br\u00e9sil \u00e0 l\u2019\u00e9tranger, le pr\u00e9sident d\u2019extr\u00eame droite Jair Bolsonaro a de nouveau suscit\u00e9 la pol\u00e9mique vendredi en niant l\u2019existence de la faim dans son pays et en remettant en cause les donn\u00e9es officielles sur la d\u00e9forestation.<\/p>\n<p>Le chef de l\u2019Etat esp\u00e9rait pourtant redorer son image en convoquant des repr\u00e9sentants de plusieurs m\u00e9dias internationaux \u2013 dont l\u2019AFP \u2013 pour un petit d\u00e9jeuner au palais pr\u00e9sidentiel de Planalto, \u00e0 Brasilia.<\/p>\n<p>\u00ab\u00a0Une grande partie de la presse \u00e9trang\u00e8re a une image totalement d\u00e9form\u00e9e de qui je suis et de ce que j\u2019ai l\u2019intention de faire pour l\u2019avenir du Br\u00e9sil\u00a0\u00bb, a lanc\u00e9 le pr\u00e9sident de 64 ans, au lendemain de la c\u00e9r\u00e9monie qui a marqu\u00e9 les 200 premiers jours de son mandat.<\/p>\n<p>\u00ab\u00a0Je vous ai invit\u00e9s parce que je comprends parfaitement \u00e0 quel point l\u2019image du Br\u00e9sil \u00e0 l\u2019\u00e9tranger est envenim\u00e9e\u00a0\u00bb, a-t-il ajout\u00e9.<\/p>\n<p>Malgr\u00e9 les critiques, le pr\u00e9sident br\u00e9silien s\u2019est engag\u00e9 \u00e0 \u00ab\u00a0poursuivre dans la ligne de ce qui a \u00e9t\u00e9 promis lors de la campagne \u00e9lectorale\u00a0\u00bb.<\/p>\n<p>\u2013 Confusion autour de la faim \u2013<\/p>\n<p>Au moment d\u2019\u00e9voquer les probl\u00e8mes de pauvret\u00e9 de son pays, Jair Bolsonaro a tout bonnement ni\u00e9 que des Br\u00e9siliens souffraient encore de la faim.<\/p>\n<p>\u00ab\u00a0On peut cultiver pratiquement de tout dans notre pays. Dire que des gens ont faim au Br\u00e9sil, c\u2019est un grand mensonge\u00a0\u00bb, a-t-il affirm\u00e9.<\/p>\n<p>\u00ab\u00a0On ne voit pas des pauvres dans la rue avec un physique squelettique comme c\u2019est le cas dans d\u2019autres pays\u00a0\u00bb, a-t-il ajout\u00e9, avant de conclure que \u00ab\u00a0dire que des gens ont faim au Br\u00e9sil est un discours populiste, rien de plus\u00a0\u00bb.<\/p>\n<p>Ces propos ont caus\u00e9 une telle pol\u00e9mique au Br\u00e9sil que le pr\u00e9sident a tenu \u00e0 les relativiser quelques heures plus tard face \u00e0 la presse locale.<\/p>\n<p>\u00ab\u00a0Les Br\u00e9siliens mangent mal. Certains ont faim. Mais c\u2019est inacceptable, dans un pays aussi riche que le notre, avec des terres cultivables et de l\u2019eau en abondance\u00a0\u00bb, a-t-il d\u00e9clar\u00e9.<\/p>\n<p>La FAO, l\u2019agence de l\u2019ONU charg\u00e9e de l\u2019agriculture et de l\u2019alimentation, recensait dans un rapport datant de septembre dernier 5,1 millions de personnes souffrant de sous-nutrition au Br\u00e9sil en 2017, sur une population totale de pr\u00e8s de 210 millions.<\/p>\n<p>\u2013 Donn\u00e9es contest\u00e9es \u2013<\/p>\n<p>Autre sujet hautement controvers\u00e9: la protection de l\u2019environnement.<\/p>\n<p>Climato-sceptique notoire, le pr\u00e9sident br\u00e9silien consid\u00e8re que les critiques venant de l\u2019\u00e9tranger concernant la d\u00e9forestation au Br\u00e9sil portent atteinte \u00e0 la souverainet\u00e9 nationale.<\/p>\n<p>Il va m\u00eame plus loin en remettant en cause les chiffres de l\u2019organisme public de r\u00e9f\u00e9rence, l\u2019Institut National de recherches spatiales (INPE), bas\u00e9es sur des donn\u00e9es recueillies par satellite.<\/p>\n<p>\u00ab\u00a0Si toute cette d\u00e9vastation dont vous nous accusez \u00e9tait r\u00e9elle, la for\u00eat amazonienne aurait d\u00e9j\u00e0 \u00e9t\u00e9 ray\u00e9e de la carte\u00a0\u00bb, a d\u00e9clar\u00e9 le chef de l\u2019Etat.<\/p>\n<p>\u00ab\u00a0Nous avons la sensation que les donn\u00e9es que l\u2019INPE a fourni \u00e0 la presse ne correspondent pas \u00e0 la r\u00e9alit\u00e9, qu\u2019elles sont au service des ONG\u00a0\u00bb, a-t-il poursuivi, soulignant que le pr\u00e9sident de cet institut serait bient\u00f4t convoqu\u00e9 \u00e0 Brasilia pour s\u2019expliquer.<\/p>\n<p>Les derni\u00e8res donn\u00e9es de l\u2019INPE font \u00e9tat d\u2019une augmentation de 88% de la d\u00e9forestation au Br\u00e9sil en juin par rapport \u00e0 ce qui avait \u00e9t\u00e9 recens\u00e9 pour le m\u00eame mois l\u2019ann\u00e9e derni\u00e8re.<\/p>\n<p>Le pr\u00e9sident Bolsonaro a \u00e9galement qualifi\u00e9 de \u00ab\u00a0d\u00e9sinformation\u00a0\u00bb les accusations selon lesquelles le Br\u00e9sil, puissance agricole de premier plan, serait le champion du monde de l\u2019usage des pesticides.<\/p>\n<p>\u00ab\u00a0Le Br\u00e9sil est le pays qui utilise le moins de pesticides. Si nous vendions des produits empoisonn\u00e9s, vous ne les ach\u00e8teriez pas\u00a0\u00bb, a-t-il d\u00e9clar\u00e9, s\u2019adressant sans cesse aux journalistes comme s\u2019ils repr\u00e9sentaient tous ensemble de fa\u00e7on homog\u00e8ne les pays dont ils sont originaires.<\/p>\n<p>C\u00e9l\u00e8bre pour ses d\u00e9rapages racistes, machistes ou homophones, chantre de la dictature militaire (1964-1985), Jair Bolsonaro a r\u00e9pondu \u00e0 ceux qui le voient comme une menace \u00e0 la d\u00e9mocratie en \u00e9voquant son attachement \u00e0 \u00ab\u00a0une libert\u00e9 de la presse sans restrictions\u00a0\u00bb.<\/p>\n<p>\u00ab\u00a0C\u2019est le PT (parti de gauche qui a gouvern\u00e9 le Br\u00e9sil de 2003 \u00e0 2016) qui a tent\u00e9 de contr\u00f4ler les m\u00e9dias\u00a0\u00bb, a-t-il r\u00e9torqu\u00e9.<\/p>\n<\/div>\n<p>Auteur: AFP<br \/>\n<a href=\"https:\/\/www.journalducameroun.com\/bresil-bolsonaro-campe-sur-ses-positions-devant-la-presse-etrangere\/\">Cliquez ici pour lire l&rsquo;article depuis sa source.<\/a><\/p>\n","protected":false},"excerpt":{"rendered":"<p>Publi\u00e9 le 19.07.2019 \u00e0 21h50 par AFP En tentant de corriger la vision \u00ab\u00a0d\u00e9form\u00e9e\u00a0\u00bb du Br\u00e9sil \u00e0 l\u2019\u00e9tranger, le pr\u00e9sident d\u2019extr\u00eame droite Jair Bolsonaro a de nouveau suscit\u00e9 la pol\u00e9mique vendredi en niant l\u2019existence de la faim dans son pays et en remettant en cause les donn\u00e9es officielles sur la d\u00e9forestation. Le chef de l\u2019Etat [&hellip;]<\/p>\n","protected":false},"author":1965,"featured_media":0,"comment_status":"closed","ping_status":"closed","sticky":false,"template":"","format":"standard","meta":{"fifu_image_url":"","fifu_image_alt":"","footnotes":""},"categories":[73,82],"tags":[],"class_list":["post-47326","post","type-post","status-publish","format-standard","hentry","category-actualite","category-cameroun"],"_links":{"self":[{"href":"https:\/\/linitiative.ca\/International\/wp-json\/wp\/v2\/posts\/47326","targetHints":{"allow":["GET"]}}],"collection":[{"href":"https:\/\/linitiative.ca\/International\/wp-json\/wp\/v2\/posts"}],"about":[{"href":"https:\/\/linitiative.ca\/International\/wp-json\/wp\/v2\/types\/post"}],"author":[{"embeddable":true,"href":"https:\/\/linitiative.ca\/International\/wp-json\/wp\/v2\/users\/1965"}],"replies":[{"embeddable":true,"href":"https:\/\/linitiative.ca\/International\/wp-json\/wp\/v2\/comments?post=47326"}],"version-history":[{"count":0,"href":"https:\/\/linitiative.ca\/International\/wp-json\/wp\/v2\/posts\/47326\/revisions"}],"wp:attachment":[{"href":"https:\/\/linitiative.ca\/International\/wp-json\/wp\/v2\/media?parent=47326"}],"wp:term":[{"taxonomy":"category","embeddable":true,"href":"https:\/\/linitiative.ca\/International\/wp-json\/wp\/v2\/categories?post=47326"},{"taxonomy":"post_tag","embeddable":true,"href":"https:\/\/linitiative.ca\/International\/wp-json\/wp\/v2\/tags?post=47326"}],"curies":[{"name":"wp","href":"https:\/\/api.w.org\/{rel}","templated":true}]}}