{"id":47327,"date":"2019-07-19T17:18:02","date_gmt":"2019-07-19T21:18:02","guid":{"rendered":"https:\/\/linitiative.ca\/International\/lalgerie-sacree-championne-dafrique-de-football\/"},"modified":"2019-07-19T17:18:02","modified_gmt":"2019-07-19T21:18:02","slug":"lalgerie-sacree-championne-dafrique-de-football","status":"publish","type":"post","link":"https:\/\/linitiative.ca\/International\/lalgerie-sacree-championne-dafrique-de-football\/","title":{"rendered":"L\u2019Alg\u00e9rie sacr\u00e9e championne d\u2019Afrique de football"},"content":{"rendered":"<div readability=\"32\">\n<p>Publi\u00e9 le 19.07.2019 \u00e0 22h18 par APA News<\/p>\n<\/div>\n<div readability=\"39\">\n<p>Les Fennecs d\u2019Alg\u00e9rie ont remport\u00e9, vendredi soir au Caire (Egypte), la 32\u00e8me \u00e9dition de la Coupe d\u2019Afrique des Nations (Can Egypte 2019), en battant les Lions du S\u00e9n\u00e9gal.Le S\u00e9n\u00e9gal a perdu ainsi la 2e finale de son histoire en Can, apr\u00e8s avoir \u00e9t\u00e9 battu en 2002 au Mali par le Cameroun aux tirs au but (TAB 3-2).<\/p>\n<\/div>\n<p>Auteur: APA News<br \/>\n<a href=\"https:\/\/www.journalducameroun.com\/lalgerie-sacree-championne-dafrique-de-football\/\">Cliquez ici pour lire l&rsquo;article depuis sa source.<\/a><\/p>\n","protected":false},"excerpt":{"rendered":"<p>Publi\u00e9 le 19.07.2019 \u00e0 22h18 par APA News Les Fennecs d\u2019Alg\u00e9rie ont remport\u00e9, vendredi soir au Caire (Egypte), la 32\u00e8me \u00e9dition de la Coupe d\u2019Afrique des Nations (Can Egypte 2019), en battant les Lions du S\u00e9n\u00e9gal.Le S\u00e9n\u00e9gal a perdu ainsi la 2e finale de son histoire en Can, apr\u00e8s avoir \u00e9t\u00e9 battu en 2002 au [&hellip;]<\/p>\n","protected":false},"author":1965,"featured_media":0,"comment_status":"closed","ping_status":"closed","sticky":false,"template":"","format":"standard","meta":{"fifu_image_url":"","fifu_image_alt":"","footnotes":""},"categories":[73,82],"tags":[],"class_list":["post-47327","post","type-post","status-publish","format-standard","hentry","category-actualite","category-cameroun"],"_links":{"self":[{"href":"https:\/\/linitiative.ca\/International\/wp-json\/wp\/v2\/posts\/47327","targetHints":{"allow":["GET"]}}],"collection":[{"href":"https:\/\/linitiative.ca\/International\/wp-json\/wp\/v2\/posts"}],"about":[{"href":"https:\/\/linitiative.ca\/International\/wp-json\/wp\/v2\/types\/post"}],"author":[{"embeddable":true,"href":"https:\/\/linitiative.ca\/International\/wp-json\/wp\/v2\/users\/1965"}],"replies":[{"embeddable":true,"href":"https:\/\/linitiative.ca\/International\/wp-json\/wp\/v2\/comments?post=47327"}],"version-history":[{"count":0,"href":"https:\/\/linitiative.ca\/International\/wp-json\/wp\/v2\/posts\/47327\/revisions"}],"wp:attachment":[{"href":"https:\/\/linitiative.ca\/International\/wp-json\/wp\/v2\/media?parent=47327"}],"wp:term":[{"taxonomy":"category","embeddable":true,"href":"https:\/\/linitiative.ca\/International\/wp-json\/wp\/v2\/categories?post=47327"},{"taxonomy":"post_tag","embeddable":true,"href":"https:\/\/linitiative.ca\/International\/wp-json\/wp\/v2\/tags?post=47327"}],"curies":[{"name":"wp","href":"https:\/\/api.w.org\/{rel}","templated":true}]}}