{"id":47349,"date":"2019-07-19T01:00:51","date_gmt":"2019-07-19T05:00:51","guid":{"rendered":"https:\/\/linitiative.ca\/International\/crise-laide-humanitaire-couvre-moins-de-20-des-besoins-au-cameroun\/"},"modified":"2019-07-19T01:00:51","modified_gmt":"2019-07-19T05:00:51","slug":"crise-laide-humanitaire-couvre-moins-de-20-des-besoins-au-cameroun","status":"publish","type":"post","link":"https:\/\/linitiative.ca\/International\/crise-laide-humanitaire-couvre-moins-de-20-des-besoins-au-cameroun\/","title":{"rendered":"Crise : l\u2019aide humanitaire couvre moins de 20% des besoins au Cameroun"},"content":{"rendered":"<p><em>\u00ab Le manque actuel de financement est alarmant. Malgr\u00e9 des besoins croissants, les fonds allou\u00e9s \u00e0 l\u2019action humanitaire sont tr\u00e8s inferieurs par rapport \u00e0 la m\u00eame p\u00e9riode de l\u2019ann\u00e9e derni\u00e8re. Nous sommes profond\u00e9ment pr\u00e9occup\u00e9s par les personnes<\/em> qui subissent d\u00e9j\u00e0 les lourdes cons\u00e9quences de ce manque de ressources\u00bb, s\u2019alarme, dans un communiqu\u00e9 publi\u00e9 lundi dernier, le secr\u00e9taire g\u00e9n\u00e9ral du Conseil norv\u00e9gien pour les r\u00e9fugi\u00e9s, <strong>Jan Egeland<\/strong>. Cette Organisation non gouvernementale (Ong) internationale qui travaille sp\u00e9cifiquement avec les r\u00e9fugi\u00e9s, les populations d\u00e9plac\u00e9es contre leur gr\u00e9 et les communaut\u00e9s gravement touch\u00e9es par le d\u00e9placement, r\u00e9v\u00e8le qu\u2019au Cameroun, la crise humanitaire est l\u2019une des plus sous-financ\u00e9es avec moins de 20% des fonds n\u00e9cessaires couverts \u00e0 ce jour. L\u2019\u00e9quipe humanitaire pays, dans un rapport publi\u00e9 en f\u00e9vrier 2019, a estim\u00e9 \u00e0 <strong>4,3 millions,<\/strong> le nombre de personnes dans le besoin. Celles-ci sont r\u00e9parties sur 8 des 10 r\u00e9gions du Cameroun. Selon le m\u00eame document, \u00ab <em>le nombre total d\u2019enfants dans le besoin dans les diff\u00e9rentes zones affect\u00e9es par les conflits, s\u2019\u00e9l\u00e8ve \u00e0 plus d\u2019un million avec <strong>343 000 enfants<\/strong> d\u00e9plac\u00e9s, <strong>61 000 r\u00e9fugi\u00e9s, 59 000 retourn\u00e9s et 544 000<\/strong> dans les communaut\u00e9s h\u00f4tes<\/em> \u00bb.<\/p>\n<hr\/>\n<h4><strong>>> Lire aussi \u2013 <a title=\"L\u2019ONU pr\u00e9voit une hausse en besoin humanitaire au Cameroun en 2019\" href=\"https:\/\/ecomatin.net\/securite-au-cameroun-lonu-prevoit-une-hausse-en-besoin-humanitaire-en-2019\/\" target=\"_blank\" rel=\"noopener noreferrer\">L\u2019ONU pr\u00e9voit une hausse en besoin humanitaire au Cameroun en 2019<\/a><br \/><\/strong><\/h4>\n<hr\/>\n<p><strong>26 milliards de dollars<\/strong> am\u00e9ricains, soit environ <strong>15 199 milliards Fcfa<\/strong>, sont n\u00e9cessaires pour venir en aide \u00e0 environ <strong>94 millions<\/strong> de personnes dans le besoin. Jusqu\u2019\u00e0 pr\u00e9sent, les pays donateurs ont fourni environ <strong>7 milliards de dollars<\/strong>, soit 27% de l\u2019argent n\u00e9cessaire, selon la plateforme de suivi financier de l\u2019Organisation des Nations unies (<strong>Onu<\/strong>). Cela repr\u00e9sente environ <strong>2 milliards<\/strong> de dollars de moins qu\u2019\u00e0 la m\u00eame p\u00e9riode l\u2019ann\u00e9e derni\u00e8re lorsque <strong>35%<\/strong> des plans de r\u00e9ponses humanitaires \u00e9taient financ\u00e9s. Il est \u00e0 noter qu\u2019au plan interne, le gouvernement camerounais et les Ong ne s\u2019accordent pas toujours sur le nombre de personnes impact\u00e9es par les crises que traverse le pays.<\/p>\n<p>Dans le Nord-Ouest et le Sud-Ouest, le ministre de l\u2019Administration territoriale, <strong>Paul Atanga Nji<\/strong>, a accus\u00e9 r\u00e9cemment les organisations humanitaires de gonfler les chiffres des d\u00e9plac\u00e9s internes pour capter plus de financements. \u00ab <em>Les ennemis de la nation voudront donner l\u2019impression qu\u2019avec <strong>400.000<\/strong> ou <strong>500.000 d\u00e9plac\u00e9s<\/strong> internes, le gouvernement serait incapable de g\u00e9rer cette situation. Et ils vont appeler \u00e0 des interventions (\u2026) estimant que nous n\u2019arrivons pas \u00e0 encadrer. Voil\u00e0 le danger, c\u2019est-\u00e0-dire, pi\u00e9tiner la souverainet\u00e9 du Cameroun \u00e0 travers de faux rapports. Le gouvernement ne peut pas l\u2019accepter (\u2026) Vous pouvez, par exemple, demander <strong>50 millions d\u2019euros<\/strong>, tout en sachant que pour encadrer les d\u00e9plac\u00e9s internes au Cameroun, il faudrait seulement <strong>10 millions d\u2019euros<\/strong>. Vous constaterez que les autres <strong>40 millions d\u2019euros<\/strong> prendront une autre destination<\/em>\u00a0 \u00bb, a-t-il d\u00e9nonc\u00e9 lors d\u2019une conf\u00e9rence de presse.<\/p>\n<hr\/>\n<h4><strong>>> Lire aussi \u2013 <a title=\"Crise NOSO: Atanga Nji soup\u00e7onne l\u2019ONU de d\u00e9tourner l\u2019aide humanitaire\" href=\"https:\/\/ecomatin.net\/crise-noso-atanga-nji-soupconne-lonu-de-detourner-laide-humanitaire\/\" target=\"_blank\" rel=\"noopener noreferrer\">Crise NOSO: Atanga Nji soup\u00e7onne l\u2019ONU de d\u00e9tourner l\u2019aide humanitaire<\/a><br \/><\/strong><\/h4>\n<hr\/>\n<p>Il est \u00e0 rappeler que, pour la crise anglophone, le gouvernement met en \u0153uvre depuis 2018, un plan d\u2019assistance humanitaire d\u2019urgence qui pr\u00e9voit, entre autres, la reconstruction des biens d\u00e9truits. Dot\u00e9 d\u2019un budget de <strong>12,5 milliards Fcfa<\/strong>, celui-ci tarde \u00e0 pr\u00e9senter des r\u00e9sultats.<\/p>\n<div class=\"about-author about-author-box container-wrapper\">\n<div class=\"author-avatar\">\n<p><img decoding=\"async\" src=\"http:\/\/\" alt=\"\"\/><\/p>\n<\/div>\n<p><h4>La R\u00e9daction EcoMatin<\/h4>\n<\/p>\n<\/div>\n<div class=\"awac-wrapper awac widget blog_subscription-2\">\n<h4 class=\"widget-title\">Abonnez-vous \u00e0 notre lettre d&rsquo;information<\/h4>\n<\/div>\n<p>Auteur: EcoMatin<br \/>\n<a href=\"https:\/\/ecomatin.net\/cameroun-laide-humanitaire-couvre-moins-de-20-des-besoins\/\">Cliquez ici pour lire l&rsquo;article depuis sa source.<\/a><\/p>\n","protected":false},"excerpt":{"rendered":"<p>\u00ab Le manque actuel de financement est alarmant. Malgr\u00e9 des besoins croissants, les fonds allou\u00e9s \u00e0 l\u2019action humanitaire sont tr\u00e8s inferieurs par rapport \u00e0 la m\u00eame p\u00e9riode de l\u2019ann\u00e9e derni\u00e8re. Nous sommes profond\u00e9ment pr\u00e9occup\u00e9s par les personnes qui subissent d\u00e9j\u00e0 les lourdes cons\u00e9quences de ce manque de ressources\u00bb, s\u2019alarme, dans un communiqu\u00e9 publi\u00e9 lundi dernier, [&hellip;]<\/p>\n","protected":false},"author":1969,"featured_media":0,"comment_status":"closed","ping_status":"closed","sticky":false,"template":"","format":"standard","meta":{"fifu_image_url":"","fifu_image_alt":"","footnotes":""},"categories":[82,78],"tags":[],"class_list":["post-47349","post","type-post","status-publish","format-standard","hentry","category-cameroun","category-economie"],"_links":{"self":[{"href":"https:\/\/linitiative.ca\/International\/wp-json\/wp\/v2\/posts\/47349","targetHints":{"allow":["GET"]}}],"collection":[{"href":"https:\/\/linitiative.ca\/International\/wp-json\/wp\/v2\/posts"}],"about":[{"href":"https:\/\/linitiative.ca\/International\/wp-json\/wp\/v2\/types\/post"}],"author":[{"embeddable":true,"href":"https:\/\/linitiative.ca\/International\/wp-json\/wp\/v2\/users\/1969"}],"replies":[{"embeddable":true,"href":"https:\/\/linitiative.ca\/International\/wp-json\/wp\/v2\/comments?post=47349"}],"version-history":[{"count":0,"href":"https:\/\/linitiative.ca\/International\/wp-json\/wp\/v2\/posts\/47349\/revisions"}],"wp:attachment":[{"href":"https:\/\/linitiative.ca\/International\/wp-json\/wp\/v2\/media?parent=47349"}],"wp:term":[{"taxonomy":"category","embeddable":true,"href":"https:\/\/linitiative.ca\/International\/wp-json\/wp\/v2\/categories?post=47349"},{"taxonomy":"post_tag","embeddable":true,"href":"https:\/\/linitiative.ca\/International\/wp-json\/wp\/v2\/tags?post=47349"}],"curies":[{"name":"wp","href":"https:\/\/api.w.org\/{rel}","templated":true}]}}