{"id":47352,"date":"2019-07-19T12:21:20","date_gmt":"2019-07-19T16:21:20","guid":{"rendered":"https:\/\/linitiative.ca\/International\/proces-congelcam-gagne-un-point-face-a-la-conac\/"},"modified":"2019-07-19T12:21:20","modified_gmt":"2019-07-19T16:21:20","slug":"proces-congelcam-gagne-un-point-face-a-la-conac","status":"publish","type":"post","link":"https:\/\/linitiative.ca\/International\/proces-congelcam-gagne-un-point-face-a-la-conac\/","title":{"rendered":"Proc\u00e8s : Congelcam gagne un point face \u00e0 la Conac"},"content":{"rendered":"<div class=\"featured-area featured-area-inner\"><img loading=\"lazy\" decoding=\"async\" width=\"780\" height=\"405\" src=\"https:\/\/i1.wp.com\/ecomatin.net\/wp-content\/uploads\/2019\/03\/ecomatin.net-loi-sur-lactivite-commerciale-congelcam-en-flagrant-delit-de-violation-congelcam.jpg?resize=780%2C405&#038;ssl=1&#038;is-pending-load=1\" class=\"attachment-jannah-image-post size-jannah-image-post wp-post-image jetpack-lazy-image\" alt=\"\" data-attachment-id=\"6864\" data-permalink=\"https:\/\/ecomatin.net\/loi-sur-lactivite-commerciale-congelcam-en-flagrant-delit-de-violation\/congelcam\/\" data-orig-file=\"https:\/\/i1.wp.com\/ecomatin.net\/wp-content\/uploads\/2019\/03\/ecomatin.net-loi-sur-lactivite-commerciale-congelcam-en-flagrant-delit-de-violation-congelcam.jpg?fit=1024%2C768&#038;ssl=1\" data-orig-size=\"1024,768\" data-comments-opened=\"0\" data-image-meta=\"{\"aperture\":\"0\",\"credit\":\"\",\"camera\":\"\",\"caption\":\"\",\"created_timestamp\":\"0\",\"copyright\":\"\",\"focal_length\":\"0\",\"iso\":\"0\",\"shutter_speed\":\"0\",\"title\":\"\",\"orientation\":\"0\"}\" data-image-title=\"Congelcam\" data-image-description=\"\" data-medium-file=\"https:\/\/i1.wp.com\/ecomatin.net\/wp-content\/uploads\/2019\/03\/ecomatin.net-loi-sur-lactivite-commerciale-congelcam-en-flagrant-delit-de-violation-congelcam.jpg?fit=300%2C225&#038;ssl=1\" data-large-file=\"https:\/\/i1.wp.com\/ecomatin.net\/wp-content\/uploads\/2019\/03\/ecomatin.net-loi-sur-lactivite-commerciale-congelcam-en-flagrant-delit-de-violation-congelcam.jpg?fit=1024%2C768&#038;ssl=1\" srcset=\"data:image\/gif;base64,R0lGODlhAQABAIAAAAAAAP\/\/\/yH5BAEAAAAALAAAAAABAAEAAAIBRAA7\"\/><\/div>\n<div class=\"entry-content entry clearfix\" readability=\"65\">\n<p>D\u2019apr\u00e8s des informations recueillies dans le journal <strong>Kalara<\/strong>, la <strong>Conac<\/strong> va r\u00e9pondre des accusations port\u00e9es contre elle par <strong>Congelcam S.A<\/strong>. Le juge Bias Albert l\u2019a fait savoir dans sa d\u00e9cision du 09 juillet dernier d\u00e9clarant non fond\u00e9e la requ\u00eate aux fins de non-recevoir (moyen de d\u00e9fense par lequel une partie au proc\u00e8s soutient que son adversaire n\u2019a pas qualit\u00e9 de le poursuivre en justice), introduite par les avocats de la Conac.<\/p>\n<p>En effet, l\u2019affaire remonte \u00e0 d\u00e9cembre 2018 \u00e0 la suite de la publication d\u2019un rapport de la Conac sur l\u2019\u00e9tat de la corruption au Cameroun en 2017. Dans ce document, la Conac affirmait avoir not\u00e9 des transferts irr\u00e9guliers de capitaux, des pratiques de corruption et de d\u00e9tournement de deniers publics \u00e0 la soci\u00e9t\u00e9 Congelcam SA. Et reprochait alors \u00e0 Congelcam et son directeur g\u00e9n\u00e9ral, de d\u00e9tournement de deniers publics \u00e0 hauteur de plus de <strong>32 milliards de FCFA<\/strong>.<\/p>\n<p>Des accusations d\u00e9menties par Congelcam SA qui a d\u00e9cid\u00e9 de tra\u00eener la Conac en Justice. Car ont-ils expliqu\u00e9, la Conac ne dit qui Congelcam a corrompu, o\u00f9, comment et pourquoi. De plus, ils interrogeaient la pertinence de l\u2019accusation port\u00e9e contre une entreprise priv\u00e9e pour d\u00e9tournement des deniers publics comme le pr\u00e9tend la Conac.<\/p>\n<p>Face \u00e0 ces accusations, les avocats de la Conac, arguant que l\u2019institution n\u2019est pas justiciable devant les juridictions du fait de son statut de d\u00e9membrement de la pr\u00e9sidence de la R\u00e9publique, qui jouit d\u2019une immunit\u00e9 contre toutes poursuites judiciaires, avait alors introduit une requ\u00eate aux fins de non-recevoir. Laquelle a \u00e9t\u00e9 jug\u00e9 non-fond\u00e9e par le Tribunal de premi\u00e8re instance. Sans plus rien ajouter, le juge a renvoy\u00e9 les protagonistes au proc\u00e8s \u00e0 comparaitre le 13 ao\u00fbt prochain pour la suite des d\u00e9bats. Un point ainsi marqu\u00e9 par Congelcam S.A.<\/p>\n<div class=\"about-author about-author-box container-wrapper\">\n<div class=\"author-avatar\">\n<p><img decoding=\"async\" src=\"http:\/\/\" alt=\"\"\/><\/p>\n<\/div>\n<p><h4>La R\u00e9daction EcoMatin<\/h4>\n<\/p>\n<\/div>\n<div class=\"awac-wrapper awac widget blog_subscription-2\">\n<h4 class=\"widget-title\">Abonnez-vous \u00e0 notre lettre d&rsquo;information<\/h4>\n<\/div>\n<\/div>\n<div class=\"toggle-post-content clearfix\"><a id=\"toggle-post-button\" class=\"button\" href=\"#\">Afficher plus <\/a><\/div>\n<p>Auteur: EcoMatin<br \/>\n<a href=\"https:\/\/ecomatin.net\/proces-congelcam-gagne-un-point-face-a-la-conac\/\">Cliquez ici pour lire l&rsquo;article depuis sa source.<\/a><\/p>\n","protected":false},"excerpt":{"rendered":"<p>D\u2019apr\u00e8s des informations recueillies dans le journal Kalara, la Conac va r\u00e9pondre des accusations port\u00e9es contre elle par Congelcam S.A. Le juge Bias Albert l\u2019a fait savoir dans sa d\u00e9cision du 09 juillet dernier d\u00e9clarant non fond\u00e9e la requ\u00eate aux fins de non-recevoir (moyen de d\u00e9fense par lequel une partie au proc\u00e8s soutient que son [&hellip;]<\/p>\n","protected":false},"author":1969,"featured_media":0,"comment_status":"closed","ping_status":"closed","sticky":false,"template":"","format":"standard","meta":{"fifu_image_url":"","fifu_image_alt":"","footnotes":""},"categories":[82,78],"tags":[],"class_list":["post-47352","post","type-post","status-publish","format-standard","hentry","category-cameroun","category-economie"],"_links":{"self":[{"href":"https:\/\/linitiative.ca\/International\/wp-json\/wp\/v2\/posts\/47352","targetHints":{"allow":["GET"]}}],"collection":[{"href":"https:\/\/linitiative.ca\/International\/wp-json\/wp\/v2\/posts"}],"about":[{"href":"https:\/\/linitiative.ca\/International\/wp-json\/wp\/v2\/types\/post"}],"author":[{"embeddable":true,"href":"https:\/\/linitiative.ca\/International\/wp-json\/wp\/v2\/users\/1969"}],"replies":[{"embeddable":true,"href":"https:\/\/linitiative.ca\/International\/wp-json\/wp\/v2\/comments?post=47352"}],"version-history":[{"count":0,"href":"https:\/\/linitiative.ca\/International\/wp-json\/wp\/v2\/posts\/47352\/revisions"}],"wp:attachment":[{"href":"https:\/\/linitiative.ca\/International\/wp-json\/wp\/v2\/media?parent=47352"}],"wp:term":[{"taxonomy":"category","embeddable":true,"href":"https:\/\/linitiative.ca\/International\/wp-json\/wp\/v2\/categories?post=47352"},{"taxonomy":"post_tag","embeddable":true,"href":"https:\/\/linitiative.ca\/International\/wp-json\/wp\/v2\/tags?post=47352"}],"curies":[{"name":"wp","href":"https:\/\/api.w.org\/{rel}","templated":true}]}}