{"id":47355,"date":"2019-07-19T13:38:07","date_gmt":"2019-07-19T17:38:07","guid":{"rendered":"https:\/\/linitiative.ca\/International\/filiere-anacarde-le-minresi-distribue-plus-15-million-de-plants-dans-le-grand-nord\/"},"modified":"2019-07-19T13:38:07","modified_gmt":"2019-07-19T17:38:07","slug":"filiere-anacarde-le-minresi-distribue-plus-15-million-de-plants-dans-le-grand-nord","status":"publish","type":"post","link":"https:\/\/linitiative.ca\/International\/filiere-anacarde-le-minresi-distribue-plus-15-million-de-plants-dans-le-grand-nord\/","title":{"rendered":"Fili\u00e8re anacarde : le Minresi distribue plus 1,5 million de plants dans le grand Nord"},"content":{"rendered":"<div class=\"featured-area featured-area-inner\"><img loading=\"lazy\" decoding=\"async\" width=\"780\" height=\"405\" src=\"https:\/\/i2.wp.com\/ecomatin.net\/wp-content\/uploads\/2019\/07\/ecomatin.net-filiere-anacarde-le-minresi-distribue-plus-15-million-de-plants-dans-le-grand-nord-anarcade-2019.jpg?resize=780%2C405&#038;ssl=1&#038;is-pending-load=1\" class=\"attachment-jannah-image-post size-jannah-image-post wp-post-image jetpack-lazy-image\" alt=\"\" data-attachment-id=\"10044\" data-permalink=\"https:\/\/ecomatin.net\/filiere-anacarde-le-minresi-distribue-plus-15-million-de-plants-dans-le-grand-nord\/anarcade-2019\/\" data-orig-file=\"https:\/\/i2.wp.com\/ecomatin.net\/wp-content\/uploads\/2019\/07\/ecomatin.net-filiere-anacarde-le-minresi-distribue-plus-15-million-de-plants-dans-le-grand-nord-anarcade-2019.jpg?fit=1024%2C569&#038;ssl=1\" data-orig-size=\"1024,569\" data-comments-opened=\"0\" data-image-meta=\"{\"aperture\":\"0\",\"credit\":\"\",\"camera\":\"\",\"caption\":\"\",\"created_timestamp\":\"0\",\"copyright\":\"\",\"focal_length\":\"0\",\"iso\":\"0\",\"shutter_speed\":\"0\",\"title\":\"\",\"orientation\":\"0\"}\" data-image-title=\"anarcade 2019\" data-image-description=\"\" data-medium-file=\"https:\/\/i2.wp.com\/ecomatin.net\/wp-content\/uploads\/2019\/07\/ecomatin.net-filiere-anacarde-le-minresi-distribue-plus-15-million-de-plants-dans-le-grand-nord-anarcade-2019.jpg?fit=300%2C167&#038;ssl=1\" data-large-file=\"https:\/\/i2.wp.com\/ecomatin.net\/wp-content\/uploads\/2019\/07\/ecomatin.net-filiere-anacarde-le-minresi-distribue-plus-15-million-de-plants-dans-le-grand-nord-anarcade-2019.jpg?fit=1024%2C569&#038;ssl=1\" srcset=\"data:image\/gif;base64,R0lGODlhAQABAIAAAAAAAP\/\/\/yH5BAEAAAAALAAAAAABAAEAAAIBRAA7\"\/><\/div>\n<div class=\"entry-content entry clearfix\" readability=\"69\">\n<p>Le programme de d\u00e9veloppement de la fili\u00e8re <strong>anacarde<\/strong> rentre petit \u00e0 petit dans sa phase de d\u00e9ploiement. En effet, la ministre de la Recherche scientifique et de l\u2019Innovation, <strong>Madeleine Tchuente<\/strong>, vient de lancer la phase de distribution de <strong>1,5 million<\/strong> de plants d\u2019anacardier aux agriculteurs des r\u00e9gions du septentrion et de l\u2019Est. C\u2019\u00e9tait dans le cadre de sa tourn\u00e9e dans la r\u00e9gion de l\u2019Adamaoua.<\/p>\n<p>L\u2019anacarde \u00e9tant une culture de rente dans plusieurs pays d\u2019Afrique, dont la C\u00f4te d\u2019Ivoire o\u00f9 elle repr\u00e9sente la deuxi\u00e8me culture porteuse pour son PIB apr\u00e8s le cacao, la ministre Madeleine Tchuente pense que le Cameroun s\u2019approprie cette culture, elle sera porteuse \u00e0 la fois sur le plan agricole et socio-\u00e9conomique. En effet, selon les estimations du <strong>Programme d\u2019appui au d\u00e9veloppement rural<\/strong> (<strong>PADER)<\/strong>, la production annuelle de l\u2019anacarde au Cameroun tourne autour de <strong>108 tonnes<\/strong>, alors que les espaces o\u00f9 il peut \u00eatre cultiv\u00e9 sont estim\u00e9s \u00e0 des millions d\u2019hectares.<\/p>\n<p>Le potentiel du march\u00e9 est \u00e9galement vaste. Les projections de vente des d\u00e9riv\u00e9s de l\u2019anacarde comme les amendes de cajou se chiffrent au minimum \u00e0 <strong>200 tonnes<\/strong> par an. L\u2019on estime que la production de <strong>10 000 tonnes<\/strong> d\u2019anacarde par an devrait g\u00e9n\u00e9rer un chiffre d\u2019affaires annuel de <strong>5,5 milliards FCFA<\/strong> dans le segment de la production. La strat\u00e9gie nationale de d\u00e9veloppement de la fili\u00e8re, r\u00e9cemment adopt\u00e9e, pr\u00e9voit pour sa part la cr\u00e9ation de pr\u00e8s de <strong>150 000 emplois<\/strong>.<\/p>\n<p>La suite de la distribution sera assur\u00e9e par l\u2019<strong>Institut de recherche agricole pour le d\u00e9veloppement<\/strong> (<strong>IRAD)<\/strong>. L\u2019organisation entend d\u00e9velopper un programme qui, \u00e0 terme, devrait mettre \u00e0 la disposition des producteurs quelque <strong>10 millions de plants<\/strong>. Par ailleurs, hormis ces plants d\u2019anacardiers, 700 000 autres plants d\u2019acacias du S\u00e9n\u00e9gal seront distribu\u00e9s aux organisations paysannes de l\u2019Est, de l\u2019Adamaoua, du Nord et de l\u2019Extr\u00eame-Nord.<\/p>\n<div class=\"about-author about-author-box container-wrapper\">\n<div class=\"author-avatar\">\n<p><img decoding=\"async\" src=\"http:\/\/\" alt=\"\"\/><\/p>\n<\/div>\n<p><h4>La R\u00e9daction EcoMatin<\/h4>\n<\/p>\n<\/div>\n<div class=\"awac-wrapper awac widget blog_subscription-2\">\n<h4 class=\"widget-title\">Abonnez-vous \u00e0 notre lettre d&rsquo;information<\/h4>\n<\/div>\n<\/div>\n<div class=\"toggle-post-content clearfix\"><a id=\"toggle-post-button\" class=\"button\" href=\"#\">Afficher plus <\/a><\/div>\n<p>Auteur: EcoMatin<br \/>\n<a href=\"https:\/\/ecomatin.net\/filiere-anacarde-le-minresi-distribue-plus-15-million-de-plants-dans-le-grand-nord\/\">Cliquez ici pour lire l&rsquo;article depuis sa source.<\/a><\/p>\n","protected":false},"excerpt":{"rendered":"<p>Le programme de d\u00e9veloppement de la fili\u00e8re anacarde rentre petit \u00e0 petit dans sa phase de d\u00e9ploiement. En effet, la ministre de la Recherche scientifique et de l\u2019Innovation, Madeleine Tchuente, vient de lancer la phase de distribution de 1,5 million de plants d\u2019anacardier aux agriculteurs des r\u00e9gions du septentrion et de l\u2019Est. C\u2019\u00e9tait dans le [&hellip;]<\/p>\n","protected":false},"author":1969,"featured_media":0,"comment_status":"closed","ping_status":"closed","sticky":false,"template":"","format":"standard","meta":{"fifu_image_url":"","fifu_image_alt":"","footnotes":""},"categories":[82,78],"tags":[],"class_list":["post-47355","post","type-post","status-publish","format-standard","hentry","category-cameroun","category-economie"],"_links":{"self":[{"href":"https:\/\/linitiative.ca\/International\/wp-json\/wp\/v2\/posts\/47355","targetHints":{"allow":["GET"]}}],"collection":[{"href":"https:\/\/linitiative.ca\/International\/wp-json\/wp\/v2\/posts"}],"about":[{"href":"https:\/\/linitiative.ca\/International\/wp-json\/wp\/v2\/types\/post"}],"author":[{"embeddable":true,"href":"https:\/\/linitiative.ca\/International\/wp-json\/wp\/v2\/users\/1969"}],"replies":[{"embeddable":true,"href":"https:\/\/linitiative.ca\/International\/wp-json\/wp\/v2\/comments?post=47355"}],"version-history":[{"count":0,"href":"https:\/\/linitiative.ca\/International\/wp-json\/wp\/v2\/posts\/47355\/revisions"}],"wp:attachment":[{"href":"https:\/\/linitiative.ca\/International\/wp-json\/wp\/v2\/media?parent=47355"}],"wp:term":[{"taxonomy":"category","embeddable":true,"href":"https:\/\/linitiative.ca\/International\/wp-json\/wp\/v2\/categories?post=47355"},{"taxonomy":"post_tag","embeddable":true,"href":"https:\/\/linitiative.ca\/International\/wp-json\/wp\/v2\/tags?post=47355"}],"curies":[{"name":"wp","href":"https:\/\/api.w.org\/{rel}","templated":true}]}}