{"id":47356,"date":"2019-07-19T14:40:40","date_gmt":"2019-07-19T18:40:40","guid":{"rendered":"https:\/\/linitiative.ca\/International\/cession-de-la-bicec-bpce-international-assure-que-le-processus-avance-bien\/"},"modified":"2019-07-19T14:40:40","modified_gmt":"2019-07-19T18:40:40","slug":"cession-de-la-bicec-bpce-international-assure-que-le-processus-avance-bien","status":"publish","type":"post","link":"https:\/\/linitiative.ca\/International\/cession-de-la-bicec-bpce-international-assure-que-le-processus-avance-bien\/","title":{"rendered":"Cession de la BICEC : BPCE international assure que le processus avance bien"},"content":{"rendered":"<p>Re\u00e7u le 18 juillet dernier \u00e0 Yaound\u00e9 par le ministre camerounais des Finances (<strong>Minfi<\/strong>), <strong>Louis Paul Motaze<\/strong>,\u00a0<strong>Boris Joseph<\/strong>, directeur g\u00e9n\u00e9ral (DG) du groupe fran\u00e7ais <strong>Banque populaire caisse d\u2019\u00e9pargne (BPCE),<\/strong> a indiqu\u00e9 \u00e0 la fin des \u00e9changes que le sujet de la cession de la Banque internationale du Cameroun pour l\u2019\u00e9pargne et le cr\u00e9dit (Bicec), filiale locale de BPCE, a \u00e9t\u00e9 au menue.<\/p>\n<p>D\u2019apr\u00e8s lui, \u00ab\u00a0a<em>u niveau technique et administratif, les choses avancent bien, avec l\u2019aide des autorit\u00e9s camerounaises et r\u00e9gionales\u00a0\u00bb.\u00a0<\/em>Et \u00e0 lui d\u2019ajouter, \u00ab\u00a0<em>Nous sommes tr\u00e8s heureux. Nous sommes dans le bon calendrier. Nous pensons que les choses vont aboutir dans les bonnes conditions\u2009<\/em>\u00bb. Une nouvelle r\u00e9jouissante pour le gouvernement camerounais dont la Bicec est \u00ab\u00a0un maillon essentiel du financement de l\u2019\u00e9conomie locale\u00a0\u00bb, d\u2019apr\u00e8s une note d\u2019information du minist\u00e8re des Finances.<\/p>\n<p>Toutefois, il reste encore\u00a0\u00e0<em>\u00a0\u00ab\u00a0<\/em>s\u2019entendre avec les parties prenantes sur les conditions de stabilit\u00e9 du personnel de la banque, mais \u00e9galement sur l\u2019\u00e9panouissement dans leur travail de l\u2019ensemble des collaborateurs de cette grande banque\u00a0\u00bb indique le document. En effet, l\u2019on se rappelle qu\u2019une pol\u00e9mique sur le paiement de primes de cession aux employ\u00e9s a r\u00e9cemment cr\u00e9\u00e9 un mouvement d\u2019humeur \u00e0 la Bicec.<\/p>\n<p>Pour rappel, le groupe fran\u00e7ais BPCE est en train de se d\u00e9sengager de certaines de ses filiales africaines, parmi lesquels la Bicec. A ce jour, le marocain BCP est en attente du visa de la Commission bancaire de l\u2019Afrique centrale (Cobac) pour le rachat de <strong>65, 8%<\/strong> de ses parts d\u2019actions, ainsi que 03 autres filiales du fran\u00e7ais BPCE pr\u00e9sentes \u00e0 Madagascar, au Congo et en Tunisie.<\/p>\n<div class=\"about-author about-author-box container-wrapper\">\n<div class=\"author-avatar\">\n<p><img decoding=\"async\" src=\"http:\/\/\" alt=\"\"\/><\/p>\n<\/div>\n<p><h4>La R\u00e9daction EcoMatin<\/h4>\n<\/p>\n<\/div>\n<div class=\"awac-wrapper awac widget blog_subscription-2\">\n<h4 class=\"widget-title\">Abonnez-vous \u00e0 notre lettre d&rsquo;information<\/h4>\n<\/div>\n<p>Auteur: EcoMatin<br \/>\n<a href=\"https:\/\/ecomatin.net\/cession-de-la-bicec-bpce-international-assure-que-le-processus-avance-bien\/\">Cliquez ici pour lire l&rsquo;article depuis sa source.<\/a><\/p>\n","protected":false},"excerpt":{"rendered":"<p>Re\u00e7u le 18 juillet dernier \u00e0 Yaound\u00e9 par le ministre camerounais des Finances (Minfi), Louis Paul Motaze,\u00a0Boris Joseph, directeur g\u00e9n\u00e9ral (DG) du groupe fran\u00e7ais Banque populaire caisse d\u2019\u00e9pargne (BPCE), a indiqu\u00e9 \u00e0 la fin des \u00e9changes que le sujet de la cession de la Banque internationale du Cameroun pour l\u2019\u00e9pargne et le cr\u00e9dit (Bicec), filiale [&hellip;]<\/p>\n","protected":false},"author":1969,"featured_media":0,"comment_status":"closed","ping_status":"closed","sticky":false,"template":"","format":"standard","meta":{"fifu_image_url":"","fifu_image_alt":"","footnotes":""},"categories":[82,78],"tags":[],"class_list":["post-47356","post","type-post","status-publish","format-standard","hentry","category-cameroun","category-economie"],"_links":{"self":[{"href":"https:\/\/linitiative.ca\/International\/wp-json\/wp\/v2\/posts\/47356","targetHints":{"allow":["GET"]}}],"collection":[{"href":"https:\/\/linitiative.ca\/International\/wp-json\/wp\/v2\/posts"}],"about":[{"href":"https:\/\/linitiative.ca\/International\/wp-json\/wp\/v2\/types\/post"}],"author":[{"embeddable":true,"href":"https:\/\/linitiative.ca\/International\/wp-json\/wp\/v2\/users\/1969"}],"replies":[{"embeddable":true,"href":"https:\/\/linitiative.ca\/International\/wp-json\/wp\/v2\/comments?post=47356"}],"version-history":[{"count":0,"href":"https:\/\/linitiative.ca\/International\/wp-json\/wp\/v2\/posts\/47356\/revisions"}],"wp:attachment":[{"href":"https:\/\/linitiative.ca\/International\/wp-json\/wp\/v2\/media?parent=47356"}],"wp:term":[{"taxonomy":"category","embeddable":true,"href":"https:\/\/linitiative.ca\/International\/wp-json\/wp\/v2\/categories?post=47356"},{"taxonomy":"post_tag","embeddable":true,"href":"https:\/\/linitiative.ca\/International\/wp-json\/wp\/v2\/tags?post=47356"}],"curies":[{"name":"wp","href":"https:\/\/api.w.org\/{rel}","templated":true}]}}