{"id":47358,"date":"2019-07-20T04:01:27","date_gmt":"2019-07-20T08:01:27","guid":{"rendered":"https:\/\/linitiative.ca\/International\/temara-un-ex-enseignant-tente-un-hold-up-sur-une-agence-de-microcredit\/"},"modified":"2019-07-20T04:01:27","modified_gmt":"2019-07-20T08:01:27","slug":"temara-un-ex-enseignant-tente-un-hold-up-sur-une-agence-de-microcredit","status":"publish","type":"post","link":"https:\/\/linitiative.ca\/International\/temara-un-ex-enseignant-tente-un-hold-up-sur-une-agence-de-microcredit\/","title":{"rendered":"Temara : Un ex-enseignant  tente un hold-up sur une agence de microcr\u00e9dit"},"content":{"rendered":"<header>\n<\/header>\n<div class=\"entry-content clearfix\" readability=\"48\"><img decoding=\"async\" class=\"post_layout_5_img\" src=\"http:\/\/aujourdhui.ma\/wp-content\/uploads\/2019\/04\/Argents-hold-up.jpg?x29840\" alt=\"Temara : Un ex-enseignant tente un hold-up sur une agence de microcr\u00e9dit\"\/><\/p>\n<p class=\"p1\"><span class=\"s1\"><span class=\"c4\"><strong>Un ex-enseignant qui a \u00e9t\u00e9 licenci\u00e9 de son poste a \u00e9t\u00e9 arr\u00eat\u00e9, mardi dernier, par les \u00e9l\u00e9ments de la brigade mobile relevant du district de la s\u00fbret\u00e9 de Skhirat-Temara, et ce pour son implication dans une affaire de tentative de hold-up sur une agence de microcr\u00e9dit, apprend-on d\u2019un communiqu\u00e9 rendu public par la Direction g\u00e9n\u00e9rale de la s\u00fbret\u00e9 nationale (DGSN).<\/strong><\/span><\/span> <span id=\"more-315454\"\/><\/p>\n<p class=\"p1\"><span class=\"s1\">En rentrant \u00e0 cette agence situ\u00e9e au quartier Al Massira, cet ex-enseignant, arm\u00e9 d\u2019un couteau, a menac\u00e9 une employ\u00e9e tout en essayant de mettre la main sur une importante somme d\u2019argent, a ajout\u00e9 la m\u00eame source qui a pr\u00e9cis\u00e9 que le mis en cause a fini par \u00eatre arr\u00eat\u00e9 par les \u00e9l\u00e9ments de la brigade mobile qui effectuaient une ronde routini\u00e8re lors de sa tentative de fuite.<span class=\"Apple-converted-space\">\u00a0 \u00a0<\/span><\/span><\/p>\n<\/div>\n<p>Auteur: Abderrafii ALOUMLIKI<br \/>\n<a href=\"http:\/\/aujourdhui.ma\/faits-divers\/temara-un-ex-enseignant-tente-un-hold-up-sur-une-agence-de-microcredit\">Cliquez ici pour lire l&rsquo;article depuis sa source.<\/a><\/p>\n","protected":false},"excerpt":{"rendered":"<p>Un ex-enseignant qui a \u00e9t\u00e9 licenci\u00e9 de son poste a \u00e9t\u00e9 arr\u00eat\u00e9, mardi dernier, par les \u00e9l\u00e9ments de la brigade mobile relevant du district de la s\u00fbret\u00e9 de Skhirat-Temara, et ce pour son implication dans une affaire de tentative de hold-up sur une agence de microcr\u00e9dit, apprend-on d\u2019un communiqu\u00e9 rendu public par la Direction g\u00e9n\u00e9rale [&hellip;]<\/p>\n","protected":false},"author":1759,"featured_media":0,"comment_status":"closed","ping_status":"closed","sticky":false,"template":"","format":"standard","meta":{"fifu_image_url":"","fifu_image_alt":"","footnotes":""},"categories":[73,54],"tags":[],"class_list":["post-47358","post","type-post","status-publish","format-standard","hentry","category-actualite","category-maroc"],"_links":{"self":[{"href":"https:\/\/linitiative.ca\/International\/wp-json\/wp\/v2\/posts\/47358","targetHints":{"allow":["GET"]}}],"collection":[{"href":"https:\/\/linitiative.ca\/International\/wp-json\/wp\/v2\/posts"}],"about":[{"href":"https:\/\/linitiative.ca\/International\/wp-json\/wp\/v2\/types\/post"}],"author":[{"embeddable":true,"href":"https:\/\/linitiative.ca\/International\/wp-json\/wp\/v2\/users\/1759"}],"replies":[{"embeddable":true,"href":"https:\/\/linitiative.ca\/International\/wp-json\/wp\/v2\/comments?post=47358"}],"version-history":[{"count":0,"href":"https:\/\/linitiative.ca\/International\/wp-json\/wp\/v2\/posts\/47358\/revisions"}],"wp:attachment":[{"href":"https:\/\/linitiative.ca\/International\/wp-json\/wp\/v2\/media?parent=47358"}],"wp:term":[{"taxonomy":"category","embeddable":true,"href":"https:\/\/linitiative.ca\/International\/wp-json\/wp\/v2\/categories?post=47358"},{"taxonomy":"post_tag","embeddable":true,"href":"https:\/\/linitiative.ca\/International\/wp-json\/wp\/v2\/tags?post=47358"}],"curies":[{"name":"wp","href":"https:\/\/api.w.org\/{rel}","templated":true}]}}