{"id":47359,"date":"2019-07-20T04:02:27","date_gmt":"2019-07-20T08:02:27","guid":{"rendered":"https:\/\/linitiative.ca\/International\/symphonyat-fait-glisser-la-musique-marocaine-dans-une-nouvelle-peau\/"},"modified":"2019-07-20T04:02:27","modified_gmt":"2019-07-20T08:02:27","slug":"symphonyat-fait-glisser-la-musique-marocaine-dans-une-nouvelle-peau","status":"publish","type":"post","link":"https:\/\/linitiative.ca\/International\/symphonyat-fait-glisser-la-musique-marocaine-dans-une-nouvelle-peau\/","title":{"rendered":"\u00abSymphonyat\u00bb fait glisser la musique marocaine dans une nouvelle peau"},"content":{"rendered":"<header>\n<\/header>\n<div class=\"entry-content clearfix\" readability=\"43\"><img decoding=\"async\" class=\"post_layout_5_img\" src=\"http:\/\/aujourdhui.ma\/wp-content\/uploads\/2019\/07\/L%E2%80%99Orchestre-philharmonique-Symphonyat.jpg?x29840\" alt=\"\u00abSymphonyat\u00bb fait glisser la musique marocaine dans une nouvelle peau\"\/><\/p>\n<p><span class=\"c5\"><strong><span class=\"c4\">L\u2019Orchestre philharmonique \u00abSymphonyat\u00bb se produira le<\/span> 5 septembre \u00e0 l\u2019hippodrome de Casablanca.<\/strong><\/span> <span id=\"more-315191\"\/>Il y interpr\u00e9tera, selon les initiateurs, des m\u00e9lodies inspir\u00e9es du patrimoine marocain, r\u00e9imagin\u00e9es et r\u00e9arrang\u00e9es de mani\u00e8re \u00e0 les orienter vers une \u00e9coute universelle.Selon la m\u00eame source, l\u2019orchestre regroupe 40 musiciens, marocains et \u00e9trangers, r\u00e9unis sous la direction du c\u00e9l\u00e8bre chef d\u2019orchestre Tom Cohen pour faire d\u00e9couvrir au monde les subtilit\u00e9s de la musique marocaine.Ils seront accompagn\u00e9s par les 4 vocalistes Neta El Kayam, Sanaa Marahati, Nabyla Maan et Mohamed Asri.<\/p>\n<\/div>\n<p>Auteur: ALM<br \/>\n<a href=\"http:\/\/aujourdhui.ma\/culture\/musique\/symphonyat-fait-glisser-la-musique-marocaine-dans-une-nouvelle-peau\">Cliquez ici pour lire l&rsquo;article depuis sa source.<\/a><\/p>\n","protected":false},"excerpt":{"rendered":"<p>L\u2019Orchestre philharmonique \u00abSymphonyat\u00bb se produira le 5 septembre \u00e0 l\u2019hippodrome de Casablanca. Il y interpr\u00e9tera, selon les initiateurs, des m\u00e9lodies inspir\u00e9es du patrimoine marocain, r\u00e9imagin\u00e9es et r\u00e9arrang\u00e9es de mani\u00e8re \u00e0 les orienter vers une \u00e9coute universelle.Selon la m\u00eame source, l\u2019orchestre regroupe 40 musiciens, marocains et \u00e9trangers, r\u00e9unis sous la direction du c\u00e9l\u00e8bre chef d\u2019orchestre Tom [&hellip;]<\/p>\n","protected":false},"author":1759,"featured_media":0,"comment_status":"closed","ping_status":"closed","sticky":false,"template":"","format":"standard","meta":{"fifu_image_url":"","fifu_image_alt":"","footnotes":""},"categories":[73,54],"tags":[],"class_list":["post-47359","post","type-post","status-publish","format-standard","hentry","category-actualite","category-maroc"],"_links":{"self":[{"href":"https:\/\/linitiative.ca\/International\/wp-json\/wp\/v2\/posts\/47359","targetHints":{"allow":["GET"]}}],"collection":[{"href":"https:\/\/linitiative.ca\/International\/wp-json\/wp\/v2\/posts"}],"about":[{"href":"https:\/\/linitiative.ca\/International\/wp-json\/wp\/v2\/types\/post"}],"author":[{"embeddable":true,"href":"https:\/\/linitiative.ca\/International\/wp-json\/wp\/v2\/users\/1759"}],"replies":[{"embeddable":true,"href":"https:\/\/linitiative.ca\/International\/wp-json\/wp\/v2\/comments?post=47359"}],"version-history":[{"count":0,"href":"https:\/\/linitiative.ca\/International\/wp-json\/wp\/v2\/posts\/47359\/revisions"}],"wp:attachment":[{"href":"https:\/\/linitiative.ca\/International\/wp-json\/wp\/v2\/media?parent=47359"}],"wp:term":[{"taxonomy":"category","embeddable":true,"href":"https:\/\/linitiative.ca\/International\/wp-json\/wp\/v2\/categories?post=47359"},{"taxonomy":"post_tag","embeddable":true,"href":"https:\/\/linitiative.ca\/International\/wp-json\/wp\/v2\/tags?post=47359"}],"curies":[{"name":"wp","href":"https:\/\/api.w.org\/{rel}","templated":true}]}}