{"id":47360,"date":"2019-07-20T04:03:22","date_gmt":"2019-07-20T08:03:22","guid":{"rendered":"https:\/\/linitiative.ca\/International\/le-premier-flagship-marocain-dintimissimi-a-lanfaplace-ouvert-le-27-juillet\/"},"modified":"2019-07-20T04:03:22","modified_gmt":"2019-07-20T08:03:22","slug":"le-premier-flagship-marocain-dintimissimi-a-lanfaplace-ouvert-le-27-juillet","status":"publish","type":"post","link":"https:\/\/linitiative.ca\/International\/le-premier-flagship-marocain-dintimissimi-a-lanfaplace-ouvert-le-27-juillet\/","title":{"rendered":"Le premier flagship marocain d\u2019Intimissimi \u00e0 l\u2019Anfaplace ouvert le 27 juillet"},"content":{"rendered":"<header>\n<\/header>\n<div class=\"entry-content clearfix\" readability=\"52\"><img decoding=\"async\" class=\"post_layout_5_img\" src=\"http:\/\/aujourdhui.ma\/wp-content\/uploads\/2019\/07\/Intimissimi.jpg?x29840\" alt=\"Le premier flagship marocain d\u2019Intimissimi \u00e0 l\u2019Anfaplace ouvert le 27 juillet\"\/><\/p>\n<p class=\"p1\"><span class=\"s1 c5\"><span class=\"c4\"><strong>Une nouvelle enseigne s\u2019installe \u00e0 l\u2019Anfaplace Shopping Center. Le centre commercial accueille Intimissimi, une marque italienne affili\u00e9e au Groupe Calzedonia, d\u00e9j\u00e0 pr\u00e9sent \u00e0 Anfaplace.<\/strong><\/span><\/span> <span id=\"more-315430\"\/><\/p>\n<p class=\"p1\"><span class=\"s1\">Il s\u2019agit en effet du premier flagship store de la marque au Maroc. Le nouveau magasin sera ouvert \u00e0 partir du 27 juillet. C\u00e9l\u00e8bre pour ses lignes de lingeries tendances, Intimissimi doit sa renomm\u00e9e mondiale \u00e0 sa gamme en soie. Elle doit, par ailleurs, son succ\u00e8s \u00e0 ses collections ultra-d\u00e9sirables par les mari\u00e9es.<\/span><\/p>\n<p class=\"p1\"><span class=\"s1\">\u00ab<em>En quelques ann\u00e9es, Intimissimi s\u2019est impos\u00e9e comme l\u2019un des leaders de la lingerie moderne, appuy\u00e9e par des \u00e9g\u00e9ries superstars\u00a0: parmi lesquelles les mannequins Barbara Palvin, Ana Beatriz Barros ou encore Irina Shayk<\/em>\u00bb, rel\u00e8ve-t-on de la marque. Et de pr\u00e9ciser que \u00ab<em>les femmes ne sont pas les seules concern\u00e9es\u00a0: Intimissimi propose en effet un \u00e9ventail de produits en coton \u00e9lastique sp\u00e9cialement con\u00e7us pour les hommes\u00bb.<\/em><\/span><\/p>\n<\/div>\n<p>Auteur: ALM<br \/>\n<a href=\"http:\/\/aujourdhui.ma\/economie\/le-premier-flagship-marocain-dintimissimi-a-lanfaplace-ouvert-le-27-juillet\">Cliquez ici pour lire l&rsquo;article depuis sa source.<\/a><\/p>\n","protected":false},"excerpt":{"rendered":"<p>Une nouvelle enseigne s\u2019installe \u00e0 l\u2019Anfaplace Shopping Center. Le centre commercial accueille Intimissimi, une marque italienne affili\u00e9e au Groupe Calzedonia, d\u00e9j\u00e0 pr\u00e9sent \u00e0 Anfaplace. Il s\u2019agit en effet du premier flagship store de la marque au Maroc. Le nouveau magasin sera ouvert \u00e0 partir du 27 juillet. C\u00e9l\u00e8bre pour ses lignes de lingeries tendances, Intimissimi [&hellip;]<\/p>\n","protected":false},"author":1759,"featured_media":0,"comment_status":"closed","ping_status":"closed","sticky":false,"template":"","format":"standard","meta":{"fifu_image_url":"","fifu_image_alt":"","footnotes":""},"categories":[73,54],"tags":[],"class_list":["post-47360","post","type-post","status-publish","format-standard","hentry","category-actualite","category-maroc"],"_links":{"self":[{"href":"https:\/\/linitiative.ca\/International\/wp-json\/wp\/v2\/posts\/47360","targetHints":{"allow":["GET"]}}],"collection":[{"href":"https:\/\/linitiative.ca\/International\/wp-json\/wp\/v2\/posts"}],"about":[{"href":"https:\/\/linitiative.ca\/International\/wp-json\/wp\/v2\/types\/post"}],"author":[{"embeddable":true,"href":"https:\/\/linitiative.ca\/International\/wp-json\/wp\/v2\/users\/1759"}],"replies":[{"embeddable":true,"href":"https:\/\/linitiative.ca\/International\/wp-json\/wp\/v2\/comments?post=47360"}],"version-history":[{"count":0,"href":"https:\/\/linitiative.ca\/International\/wp-json\/wp\/v2\/posts\/47360\/revisions"}],"wp:attachment":[{"href":"https:\/\/linitiative.ca\/International\/wp-json\/wp\/v2\/media?parent=47360"}],"wp:term":[{"taxonomy":"category","embeddable":true,"href":"https:\/\/linitiative.ca\/International\/wp-json\/wp\/v2\/categories?post=47360"},{"taxonomy":"post_tag","embeddable":true,"href":"https:\/\/linitiative.ca\/International\/wp-json\/wp\/v2\/tags?post=47360"}],"curies":[{"name":"wp","href":"https:\/\/api.w.org\/{rel}","templated":true}]}}