{"id":47362,"date":"2019-07-20T04:09:24","date_gmt":"2019-07-20T08:09:24","guid":{"rendered":"https:\/\/linitiative.ca\/International\/meknes-30-ans-de-prison-pour-avoir-tue-son-ami-a-coups-de-rasoir\/"},"modified":"2019-07-20T04:09:24","modified_gmt":"2019-07-20T08:09:24","slug":"meknes-30-ans-de-prison-pour-avoir-tue-son-ami-a-coups-de-rasoir","status":"publish","type":"post","link":"https:\/\/linitiative.ca\/International\/meknes-30-ans-de-prison-pour-avoir-tue-son-ami-a-coups-de-rasoir\/","title":{"rendered":"Mekn\u00e8s : 30 ans de prison pour avoir tu\u00e9 son ami \u00e0 coups de rasoir"},"content":{"rendered":"<p><img decoding=\"async\" class=\"post_layout_5_img\" src=\"http:\/\/aujourdhui.ma\/wp-content\/uploads\/2016\/12\/prison.jpg?x29840\" alt=\"Mekn\u00e8s : 30 ans de prison pour avoir tu\u00e9 son ami \u00e0 coups de rasoir\"\/><\/p>\n<p class=\"p1\"><span class=\"s1 c5\"><span class=\"c4\"><strong>Nous sommes \u00e0 la chambre criminelle pr\u00e8s le tribunal de Mekn\u00e8s. Poursuivi, en \u00e9tat d\u2019arrestation, pour homicide volontaire avec pr\u00e9m\u00e9ditation et guet-apens, un jeune de vingt-deux ans, alias Oueld Chafnaj, se tient devant la Cour.<\/strong><\/span><\/span> <span id=\"more-315458\"\/><\/p>\n<p class=\"p1\"><span class=\"s1\">Il semble avoir regrett\u00e9 ce qu\u2019il a commis contre son ami lors d\u2019une soir\u00e9e bien arros\u00e9e. Les larmes aux yeux, il n\u2019arr\u00eate pas de dire: <em>\u00abJe n\u2019avais pas l\u2019intention de le tuer\u00bb.<\/em> Une phrase que la Cour a l\u2019habitude d\u2019entendre de la part de la majorit\u00e9 des suspects impliqu\u00e9s dans des affaires de meurtre. Mais celui-ci avait l\u2019air sinc\u00e8re. Et l\u2019accus\u00e9 d\u2019expliquer qu\u2019ils \u00e9taient sous l\u2019effet de l\u2019alcool. Cela ne justifie pas pour autant l\u2019acte de tuer et puis \u00eatre sous l\u2019effet de l\u2019alcool n\u2019est jamais une condition pour qu\u2019un meurtrier b\u00e9n\u00e9ficie des circonstances att\u00e9nuantes, mais tout le contraire.<\/span><\/p>\n<p class=\"p1\"><span class=\"s1\">Au quartier Touarga, \u00e0 Mekn\u00e8s. Le mis en cause, Oueld Chafnaj, et la victime, alias Toubisse, \u00e2g\u00e9 de trente-trois ans, se so\u00fblent et se droguent. \u00ab<em>Je ne me souviens pas exactement de notre malentendu, mais je me rappelle qu\u2019il m\u2019a insult\u00e9 en portant atteinte \u00e0 mon honneur\u00bb,<\/em> affirme Oueld Chafnaj devant la Cour. Toubisse semble avoir d\u00e9pass\u00e9 les limites en traitant la m\u00e8re du meurtrier de prostitu\u00e9e. Ils en viennent rapidement aux mains pour que chacun commence \u00e0 menacer son rival de meurtre. Certes, quelques jeunes voisins interviennent pour les apaiser. Mais en vain. Ils se s\u00e9parent finalement. Mais ce n\u2019est que partie remise. Chacun fait semblant de rentrer chez lui, mais en r\u00e9alit\u00e9 les deux veulent encore en d\u00e9coudre. Et c\u2019est Oueld Chafnaj qui arrive \u00e0 surprendre Toubisse dans un coin de la rue. Avec un rasoir, Oueld Chafnaj commence \u00e0 toucher Toubisse au niveau de tout son corps puis l\u2019abandonne dans une mare de sang. Transport\u00e9 \u00e0 l\u2019h\u00f4pital Mohammed V, Toubisse rend l\u2019\u00e2me. La police se lance \u00e0 la recherche d\u2019Oueld Chafnaj qui est arr\u00eat\u00e9, le lendemain, \u00e0 la gare routi\u00e8re de Sidi Sa\u00efd. Devant la police, il avoue tout, de m\u00eame devant la Cour.<\/span><\/p>\n<p class=\"p1\"><strong><span class=\"s1\">Verdict : 30 ans de r\u00e9clusion criminelle.<\/span><\/strong><\/p>\n<p>Auteur: Abderrafii ALOUMLIKI<br \/>\n<a href=\"http:\/\/aujourdhui.ma\/faits-divers\/meknes-30-ans-de-prison-pour-avoir-tue-son-ami-a-coups-de-rasoir\">Cliquez ici pour lire l&rsquo;article depuis sa source.<\/a><\/p>\n","protected":false},"excerpt":{"rendered":"<p>Nous sommes \u00e0 la chambre criminelle pr\u00e8s le tribunal de Mekn\u00e8s. Poursuivi, en \u00e9tat d\u2019arrestation, pour homicide volontaire avec pr\u00e9m\u00e9ditation et guet-apens, un jeune de vingt-deux ans, alias Oueld Chafnaj, se tient devant la Cour. Il semble avoir regrett\u00e9 ce qu\u2019il a commis contre son ami lors d\u2019une soir\u00e9e bien arros\u00e9e. Les larmes aux yeux, [&hellip;]<\/p>\n","protected":false},"author":1759,"featured_media":0,"comment_status":"closed","ping_status":"closed","sticky":false,"template":"","format":"standard","meta":{"fifu_image_url":"","fifu_image_alt":"","footnotes":""},"categories":[73,54],"tags":[],"class_list":["post-47362","post","type-post","status-publish","format-standard","hentry","category-actualite","category-maroc"],"_links":{"self":[{"href":"https:\/\/linitiative.ca\/International\/wp-json\/wp\/v2\/posts\/47362","targetHints":{"allow":["GET"]}}],"collection":[{"href":"https:\/\/linitiative.ca\/International\/wp-json\/wp\/v2\/posts"}],"about":[{"href":"https:\/\/linitiative.ca\/International\/wp-json\/wp\/v2\/types\/post"}],"author":[{"embeddable":true,"href":"https:\/\/linitiative.ca\/International\/wp-json\/wp\/v2\/users\/1759"}],"replies":[{"embeddable":true,"href":"https:\/\/linitiative.ca\/International\/wp-json\/wp\/v2\/comments?post=47362"}],"version-history":[{"count":0,"href":"https:\/\/linitiative.ca\/International\/wp-json\/wp\/v2\/posts\/47362\/revisions"}],"wp:attachment":[{"href":"https:\/\/linitiative.ca\/International\/wp-json\/wp\/v2\/media?parent=47362"}],"wp:term":[{"taxonomy":"category","embeddable":true,"href":"https:\/\/linitiative.ca\/International\/wp-json\/wp\/v2\/categories?post=47362"},{"taxonomy":"post_tag","embeddable":true,"href":"https:\/\/linitiative.ca\/International\/wp-json\/wp\/v2\/tags?post=47362"}],"curies":[{"name":"wp","href":"https:\/\/api.w.org\/{rel}","templated":true}]}}