{"id":47365,"date":"2019-07-19T14:50:43","date_gmt":"2019-07-19T18:50:43","guid":{"rendered":"https:\/\/linitiative.ca\/International\/kasserine-elections-municipales-partielles-a-laayoun-les-17-et-18-aout\/"},"modified":"2019-07-19T14:50:43","modified_gmt":"2019-07-19T18:50:43","slug":"kasserine-elections-municipales-partielles-a-laayoun-les-17-et-18-aout","status":"publish","type":"post","link":"https:\/\/linitiative.ca\/International\/kasserine-elections-municipales-partielles-a-laayoun-les-17-et-18-aout\/","title":{"rendered":"Kasserine :  Elections municipales partielles \u00e0 Laayoun, les 17 et 18 ao\u00fbt"},"content":{"rendered":"<p>Des \u00e9lections municipales partielles seront organis\u00e9es, les 17 et 18 ao\u00fbt 2019, par l\u2019Instance R\u00e9gionale Ind\u00e9pendante des Elections (INRIE) \u00e0 Kasserine pour \u00e9lire un nouveau conseil municipal, apr\u00e8s la dissolution du pr\u00e9c\u00e9dent.<\/p>\n<p>Selon Adel Guessoumi, coordinateur r\u00e9gional de l\u2019INRIE, neuf listes ind\u00e9pendantes et cinq listes partisanes sont en lice.<\/p>\n<p>La campagne \u00e9lectorale se poursuivra du 27 septembre au 16 ao\u00fbt.<\/p>\n<p>Les s\u00e9curitaires et les militaires voteront samedi 17 ao\u00fbt.<\/p>\n<p>Les civils se rendront aux urnes dimanche 18 ao\u00fbt.<\/p>\n<p class=\"dpsp-share-text\">Partager c&rsquo;est aimer!<\/p>\n<div class=\"wp-post-author-wrap wp-post-author-shortcode left\">\n<h3 class=\"awpa-title\"\/>\n<div class=\"wp-post-author\">\n<div class=\"awpa-img awpa-author-block square\"><a href=\"http:\/\/lexpertjournal.net\/fr\/author\/expert\/\"><img loading=\"lazy\" decoding=\"async\" alt=\"\" src=\"http:\/\/2.gravatar.com\/avatar\/56d99be2a6f97af88ccb49fada637fcd?s=150&#038;d=mm&#038;r=g\" srcset=\"http:\/\/2.gravatar.com\/avatar\/56d99be2a6f97af88ccb49fada637fcd?s=300&#038;d=mm&#038;r=g 2x\" class=\"avatar avatar-150 photo\" height=\"150\" width=\"150\"\/><\/a><\/div>\n<\/div>\n<\/div>\n<p>Auteur: L&rsquo;expert<br \/>\n<a href=\"http:\/\/lexpertjournal.net\/fr\/2019\/07\/19\/kasserine-elections-municipales-partielles-a-laayoun-les-17-et-18-aout\/\">Cliquez ici pour lire l&rsquo;article depuis sa source.<\/a><\/p>\n","protected":false},"excerpt":{"rendered":"<p>Des \u00e9lections municipales partielles seront organis\u00e9es, les 17 et 18 ao\u00fbt 2019, par l\u2019Instance R\u00e9gionale Ind\u00e9pendante des Elections (INRIE) \u00e0 Kasserine pour \u00e9lire un nouveau conseil municipal, apr\u00e8s la dissolution du pr\u00e9c\u00e9dent. Selon Adel Guessoumi, coordinateur r\u00e9gional de l\u2019INRIE, neuf listes ind\u00e9pendantes et cinq listes partisanes sont en lice. La campagne \u00e9lectorale se poursuivra du [&hellip;]<\/p>\n","protected":false},"author":1775,"featured_media":0,"comment_status":"closed","ping_status":"closed","sticky":false,"template":"","format":"standard","meta":{"fifu_image_url":"","fifu_image_alt":"","footnotes":""},"categories":[78,55],"tags":[],"class_list":["post-47365","post","type-post","status-publish","format-standard","hentry","category-economie","category-tunisie"],"_links":{"self":[{"href":"https:\/\/linitiative.ca\/International\/wp-json\/wp\/v2\/posts\/47365","targetHints":{"allow":["GET"]}}],"collection":[{"href":"https:\/\/linitiative.ca\/International\/wp-json\/wp\/v2\/posts"}],"about":[{"href":"https:\/\/linitiative.ca\/International\/wp-json\/wp\/v2\/types\/post"}],"author":[{"embeddable":true,"href":"https:\/\/linitiative.ca\/International\/wp-json\/wp\/v2\/users\/1775"}],"replies":[{"embeddable":true,"href":"https:\/\/linitiative.ca\/International\/wp-json\/wp\/v2\/comments?post=47365"}],"version-history":[{"count":0,"href":"https:\/\/linitiative.ca\/International\/wp-json\/wp\/v2\/posts\/47365\/revisions"}],"wp:attachment":[{"href":"https:\/\/linitiative.ca\/International\/wp-json\/wp\/v2\/media?parent=47365"}],"wp:term":[{"taxonomy":"category","embeddable":true,"href":"https:\/\/linitiative.ca\/International\/wp-json\/wp\/v2\/categories?post=47365"},{"taxonomy":"post_tag","embeddable":true,"href":"https:\/\/linitiative.ca\/International\/wp-json\/wp\/v2\/tags?post=47365"}],"curies":[{"name":"wp","href":"https:\/\/api.w.org\/{rel}","templated":true}]}}