{"id":47368,"date":"2019-07-19T15:17:10","date_gmt":"2019-07-19T19:17:10","guid":{"rendered":"https:\/\/linitiative.ca\/International\/implication-des-syndicalistes-dans-les-elections-le-comite-executif-de-lugtt-tranchera-dans-2-semaines\/"},"modified":"2019-07-19T15:17:10","modified_gmt":"2019-07-19T19:17:10","slug":"implication-des-syndicalistes-dans-les-elections-le-comite-executif-de-lugtt-tranchera-dans-2-semaines","status":"publish","type":"post","link":"https:\/\/linitiative.ca\/International\/implication-des-syndicalistes-dans-les-elections-le-comite-executif-de-lugtt-tranchera-dans-2-semaines\/","title":{"rendered":"Implication des syndicalistes dans les \u00e9lections : Le comit\u00e9 ex\u00e9cutif de l\u2019UGTT tranchera dans 2 semaines"},"content":{"rendered":"<p>Le comit\u00e9 ex\u00e9cutif de l\u2019Union g\u00e9n\u00e9rale tunisienne du travail (UGTT) se r\u00e9unira de nouveau dans deux semaines pour adopter le programme socio-\u00e9conomique de la centrale syndicale pour les prochaines \u00e9lections pr\u00e9sidentielle et l\u00e9gislatives, a d\u00e9clar\u00e9, jeudi, Noureddine Taboubi, secr\u00e9taire g\u00e9n\u00e9ral de l\u2019UGTT.<\/p>\n<div>Dans une d\u00e9claration aux m\u00e9dias au terme d\u2019une r\u00e9union jeudi du comit\u00e9 ex\u00e9cutif de l\u2019UGTT, Taboubi a indiqu\u00e9 qu\u2019une fois le programme socio-\u00e9conomique de l\u2019UGTT adopt\u00e9, il sera soumis \u00e0 l\u2019ensemble des partis politiques, aux composantes de la soci\u00e9t\u00e9 civile ainsi qu\u2019\u00e0 l\u2019ensemble des \u00e9lecteurs. \u00bbToutefois l\u2019UGTT ne sera pas partie prenante des \u00e9lections et exercera plut\u00f4t un pouvoir de suggestion par le biais de son programme socio-\u00e9conomique \u00bb, a-t-il soulign\u00e9, pr\u00e9cisant que le soutien de l\u2019UGTT \u00e0 tout candidat ne tiendra pas compte de l\u2019alignement \u00e0 ce programme, mais qu\u2019il d\u00e9pendra de l\u2019engagement envers les id\u00e9aux d\u00e9fendus par la centrale syndicale.Pour sa part, le secr\u00e9taire g\u00e9n\u00e9ral adjoint de l\u2019UGTT, Bouali Mbarki a d\u00e9clar\u00e9 \u00e0 la presse que le programme socio-\u00e9conomique de l\u2019UGTT sera officiellement annonc\u00e9 au terme de la prochaine r\u00e9union de son comit\u00e9 ex\u00e9cutif. Il a estim\u00e9 que ce programme constitue \u00ab un projet \u00e0 m\u00eame de surmonter la totalit\u00e9 des probl\u00e8mes qui sapent la Tunisie depuis des ann\u00e9es \u00bb. \u00ab Ce programme est bas\u00e9 sur un ensemble d\u2019axes majeurs, dont la lutte contre la contrebande, l\u2019instauration d\u2019une justice sociale et la promotion du secteur de la sant\u00e9 publique \u00bb, a-t-il r\u00e9v\u00e9l\u00e9, soulignant que l\u2019UGTT n\u2019a pas encore d\u00e9lib\u00e9r\u00e9 sur le soutien d\u2019un candidat aux d\u00e9pens d\u2019un autre. Le responsable syndical a confirm\u00e9 que la centrale syndicale ne pr\u00e9sentera pas de listes \u00e9lectorales, mais que l\u2019UGTT se r\u00e9serve le droit d\u2019orienter les \u00e9lecteurs vers les candidats ou les partis politiques qui partagent ses principes et ses choix socio-\u00e9conomiques.<\/div>\n<p class=\"dpsp-share-text\">Partager c&rsquo;est aimer!<\/p>\n<div class=\"wp-post-author-wrap wp-post-author-shortcode left\">\n<h3 class=\"awpa-title\"\/>\n<div class=\"wp-post-author\">\n<div class=\"awpa-img awpa-author-block square\"><a href=\"http:\/\/lexpertjournal.net\/fr\/author\/expert\/\"><img loading=\"lazy\" decoding=\"async\" alt=\"\" src=\"http:\/\/2.gravatar.com\/avatar\/56d99be2a6f97af88ccb49fada637fcd?s=150&#038;d=mm&#038;r=g\" srcset=\"http:\/\/2.gravatar.com\/avatar\/56d99be2a6f97af88ccb49fada637fcd?s=300&#038;d=mm&#038;r=g 2x\" class=\"avatar avatar-150 photo\" height=\"150\" width=\"150\"\/><\/a><\/div>\n<\/div>\n<\/div>\n<p>Auteur: L&rsquo;expert<br \/>\n<a href=\"http:\/\/lexpertjournal.net\/fr\/2019\/07\/19\/implication-des-syndicalistes-dans-les-elections-le-comite-executif-de-lugtt-tranchera-dans-2-semaines\/\">Cliquez ici pour lire l&rsquo;article depuis sa source.<\/a><\/p>\n","protected":false},"excerpt":{"rendered":"<p>Le comit\u00e9 ex\u00e9cutif de l\u2019Union g\u00e9n\u00e9rale tunisienne du travail (UGTT) se r\u00e9unira de nouveau dans deux semaines pour adopter le programme socio-\u00e9conomique de la centrale syndicale pour les prochaines \u00e9lections pr\u00e9sidentielle et l\u00e9gislatives, a d\u00e9clar\u00e9, jeudi, Noureddine Taboubi, secr\u00e9taire g\u00e9n\u00e9ral de l\u2019UGTT. Dans une d\u00e9claration aux m\u00e9dias au terme d\u2019une r\u00e9union jeudi du comit\u00e9 ex\u00e9cutif [&hellip;]<\/p>\n","protected":false},"author":1775,"featured_media":0,"comment_status":"closed","ping_status":"closed","sticky":false,"template":"","format":"standard","meta":{"fifu_image_url":"","fifu_image_alt":"","footnotes":""},"categories":[78,55],"tags":[],"class_list":["post-47368","post","type-post","status-publish","format-standard","hentry","category-economie","category-tunisie"],"_links":{"self":[{"href":"https:\/\/linitiative.ca\/International\/wp-json\/wp\/v2\/posts\/47368","targetHints":{"allow":["GET"]}}],"collection":[{"href":"https:\/\/linitiative.ca\/International\/wp-json\/wp\/v2\/posts"}],"about":[{"href":"https:\/\/linitiative.ca\/International\/wp-json\/wp\/v2\/types\/post"}],"author":[{"embeddable":true,"href":"https:\/\/linitiative.ca\/International\/wp-json\/wp\/v2\/users\/1775"}],"replies":[{"embeddable":true,"href":"https:\/\/linitiative.ca\/International\/wp-json\/wp\/v2\/comments?post=47368"}],"version-history":[{"count":0,"href":"https:\/\/linitiative.ca\/International\/wp-json\/wp\/v2\/posts\/47368\/revisions"}],"wp:attachment":[{"href":"https:\/\/linitiative.ca\/International\/wp-json\/wp\/v2\/media?parent=47368"}],"wp:term":[{"taxonomy":"category","embeddable":true,"href":"https:\/\/linitiative.ca\/International\/wp-json\/wp\/v2\/categories?post=47368"},{"taxonomy":"post_tag","embeddable":true,"href":"https:\/\/linitiative.ca\/International\/wp-json\/wp\/v2\/tags?post=47368"}],"curies":[{"name":"wp","href":"https:\/\/api.w.org\/{rel}","templated":true}]}}