{"id":47369,"date":"2019-07-20T06:00:00","date_gmt":"2019-07-20T10:00:00","guid":{"rendered":"https:\/\/linitiative.ca\/International\/liberez-les-detenus-politiques-et-dopinion\/"},"modified":"2019-07-20T06:00:00","modified_gmt":"2019-07-20T10:00:00","slug":"liberez-les-detenus-politiques-et-dopinion","status":"publish","type":"post","link":"https:\/\/linitiative.ca\/International\/liberez-les-detenus-politiques-et-dopinion\/","title":{"rendered":"\u201cLib\u00e9rez les d\u00e9tenus politiques et d\u2019opinion\u201d"},"content":{"rendered":"<div id=\"originalText\" readability=\"81\">\n<p class=\"c10\">Quoique peu nombreux par rapport aux pr\u00e9c\u00e9dents vendredis, en raison de la canicule qui a s\u00e9vi hier et surtout \u00e0 quelques heures du d\u00e9but du match tr\u00e8s attendu de la finale de Coupe d\u2019Afrique des nations, des dizaines d\u2019irr\u00e9ductibles citoyens, tous \u00e2ges et sexes confondus, ont brav\u00e9, hier apr\u00e8s-midi, ces al\u00e9as climatiques pour exiger la lib\u00e9ration des d\u00e9tenus politiques et d\u2019opinion, notamment le moudjahid Boureg\u00e2a et le changement du r\u00e9gime en place. En effet, en ce 22e acte de mobilisation citoyenne pacifique, toujours intacte et avec la m\u00eame d\u00e9termination, et lors duquel les seuls mots d\u2019ordre scand\u00e9s \u00e9taient encore une fois \u201cDawla madania, machi a\u00e2skaria\u201d, \u201cLib\u00e9rez Boureg\u00e2a, lib\u00e9rez l\u2019Alg\u00e9rie\u201d et \u201cGouvernement d\u00e9gage\u201d, \u201cFLN, RND d\u00e9gagez\u201d, \u201cD\u00e9lateurs d\u00e9gagez\u201d et \u201cInstauration d\u2019un \u00c9tat de droit\u201d.<\/p>\n<p class=\"c10\">Convaincus que ni la fuite en avant du r\u00e9gime ni les pressions et les restrictions des libert\u00e9s ne peuvent les d\u00e9courager de leur lutte pacifique afin d\u2019atteindre leur seul et unique objectif, \u00e0 savoir \u201cl\u2019\u00e9radication du syst\u00e8me de gouvernance et de toutes ses bandes\u201d, les manifestants se sont rassembl\u00e9s dans un premier temps sur la place ex-Carnot pour crier haut et fort \u201cGouvernement d\u00e9gage, FLN, RND d\u00e9gagez, d\u00e9lateurs d\u00e9gagez\u201d, \u201cPas de r\u00e9gionalisme, nous sommes tous des fr\u00e8res\u201d, \u201c\u00d4 r\u00e9gime de la tromperie, tu es l&rsquo;agent de l&rsquo;Am\u00e9rique\u201d et \u201cKlitou lablad ya sarrakine\u201d, \u201cBensalah d\u00e9gage, gouvernement d\u00e9gage\u201d, \u201cLe peuple veut le changement du r\u00e9gime\u201d.<\/p>\n<p class=\"c10\">Ensuite, et comme \u00e0 l\u2019accoutum\u00e9e, les manifestants ont entam\u00e9 une longue marche en arpentant les principales avenues du centre-ville durant laquelle les rangs de la foule n\u2019ont cess\u00e9 de grossir au fur et \u00e0 mesure du trajet. Ainsi, et \u00e0 l\u2019unisson, des slogans hostiles au pouvoir ont \u00e9t\u00e9 \u00e9galement scand\u00e9s : \u201cSilmiya Silmiya\u201d et \u201cVous serez traduits en justice\u201d, ou encore \u201c\u00d4\u00a0 juges ! Arr\u00eatez les tyrans\u201d, \u201cL&rsquo;Alg\u00e9rie est en deuil, ne manipulez pas le destin du pays\u201d et \u201cParlement des l\u00e2ches, o\u00f9 sont les droits de l&rsquo;Homme ? D\u00e9gage ! D\u00e9gage !\u201d.<br \/>\u00a0<\/p>\n<p class=\"c11\"><strong>A. BOUSMAHA<\/strong><\/p>\n<\/div>\n<div id=\"text_core\" readability=\"81\">\n<p class=\"c10\">Quoique peu nombreux par rapport aux pr\u00e9c\u00e9dents vendredis, en raison de la canicule qui a s\u00e9vi hier et surtout \u00e0 quelques heures du d\u00e9but du match tr\u00e8s attendu de la finale de Coupe d\u2019Afrique des nations, des dizaines d\u2019irr\u00e9ductibles citoyens, tous \u00e2ges et sexes confondus, ont brav\u00e9, hier apr\u00e8s-midi, ces al\u00e9as climatiques pour exiger la lib\u00e9ration des d\u00e9tenus politiques et d\u2019opinion, notamment le moudjahid Boureg\u00e2a et le changement du r\u00e9gime en place. En effet, en ce 22e acte de mobilisation citoyenne pacifique, toujours intacte et avec la m\u00eame d\u00e9termination, et lors duquel les seuls mots d\u2019ordre scand\u00e9s \u00e9taient encore une fois \u201cDawla madania, machi a\u00e2skaria\u201d, \u201cLib\u00e9rez Boureg\u00e2a, lib\u00e9rez l\u2019Alg\u00e9rie\u201d et \u201cGouvernement d\u00e9gage\u201d, \u201cFLN, RND d\u00e9gagez\u201d, \u201cD\u00e9lateurs d\u00e9gagez\u201d et \u201cInstauration d\u2019un \u00c9tat de droit\u201d.<\/p>\n<p class=\"c10\">Convaincus que ni la fuite en avant du r\u00e9gime ni les pressions et les restrictions des libert\u00e9s ne peuvent les d\u00e9courager de leur lutte pacifique afin d\u2019atteindre leur seul et unique objectif, \u00e0 savoir \u201cl\u2019\u00e9radication du syst\u00e8me de gouvernance et de toutes ses bandes\u201d, les manifestants se sont rassembl\u00e9s dans un premier temps sur la place ex-Carnot pour crier haut et fort \u201cGouvernement d\u00e9gage, FLN, RND d\u00e9gagez, d\u00e9lateurs d\u00e9gagez\u201d, \u201cPas de r\u00e9gionalisme, nous sommes tous des fr\u00e8res\u201d, \u201c\u00d4 r\u00e9gime de la tromperie, tu es l&rsquo;agent de l&rsquo;Am\u00e9rique\u201d et \u201cKlitou lablad ya sarrakine\u201d, \u201cBensalah d\u00e9gage, gouvernement d\u00e9gage\u201d, \u201cLe peuple veut le changement du r\u00e9gime\u201d.<\/p>\n<p class=\"c10\">Ensuite, et comme \u00e0 l\u2019accoutum\u00e9e, les manifestants ont entam\u00e9 une longue marche en arpentant les principales avenues du centre-ville durant laquelle les rangs de la foule n\u2019ont cess\u00e9 de grossir au fur et \u00e0 mesure du trajet. Ainsi, et \u00e0 l\u2019unisson, des slogans hostiles au pouvoir ont \u00e9t\u00e9 \u00e9galement scand\u00e9s : \u201cSilmiya Silmiya\u201d et \u201cVous serez traduits en justice\u201d, ou encore \u201c\u00d4\u00a0 juges ! Arr\u00eatez les tyrans\u201d, \u201cL&rsquo;Alg\u00e9rie est en deuil, ne manipulez pas le destin du pays\u201d et \u201cParlement des l\u00e2ches, o\u00f9 sont les droits de l&rsquo;Homme ? D\u00e9gage ! D\u00e9gage !\u201d.<br \/>\u00a0<\/p>\n<p class=\"c11\"><strong>A. BOUSMAHA<\/strong><\/p>\n<\/div>\n<p>Auteur:<br \/>\n<a href=\"https:\/\/www.liberte-algerie.com\/actualite\/liberez-les-detenus-politiques-et-dopinion-320265\">Cliquez ici pour lire l&rsquo;article depuis sa source.<\/a><\/p>\n","protected":false},"excerpt":{"rendered":"<p>Quoique peu nombreux par rapport aux pr\u00e9c\u00e9dents vendredis, en raison de la canicule qui a s\u00e9vi hier et surtout \u00e0 quelques heures du d\u00e9but du match tr\u00e8s attendu de la finale de Coupe d\u2019Afrique des nations, des dizaines d\u2019irr\u00e9ductibles citoyens, tous \u00e2ges et sexes confondus, ont brav\u00e9, hier apr\u00e8s-midi, ces al\u00e9as climatiques pour exiger la [&hellip;]<\/p>\n","protected":false},"author":1742,"featured_media":0,"comment_status":"closed","ping_status":"closed","sticky":false,"template":"","format":"standard","meta":{"fifu_image_url":"","fifu_image_alt":"","footnotes":""},"categories":[73,53],"tags":[],"class_list":["post-47369","post","type-post","status-publish","format-standard","hentry","category-actualite","category-algerie"],"_links":{"self":[{"href":"https:\/\/linitiative.ca\/International\/wp-json\/wp\/v2\/posts\/47369","targetHints":{"allow":["GET"]}}],"collection":[{"href":"https:\/\/linitiative.ca\/International\/wp-json\/wp\/v2\/posts"}],"about":[{"href":"https:\/\/linitiative.ca\/International\/wp-json\/wp\/v2\/types\/post"}],"author":[{"embeddable":true,"href":"https:\/\/linitiative.ca\/International\/wp-json\/wp\/v2\/users\/1742"}],"replies":[{"embeddable":true,"href":"https:\/\/linitiative.ca\/International\/wp-json\/wp\/v2\/comments?post=47369"}],"version-history":[{"count":0,"href":"https:\/\/linitiative.ca\/International\/wp-json\/wp\/v2\/posts\/47369\/revisions"}],"wp:attachment":[{"href":"https:\/\/linitiative.ca\/International\/wp-json\/wp\/v2\/media?parent=47369"}],"wp:term":[{"taxonomy":"category","embeddable":true,"href":"https:\/\/linitiative.ca\/International\/wp-json\/wp\/v2\/categories?post=47369"},{"taxonomy":"post_tag","embeddable":true,"href":"https:\/\/linitiative.ca\/International\/wp-json\/wp\/v2\/tags?post=47369"}],"curies":[{"name":"wp","href":"https:\/\/api.w.org\/{rel}","templated":true}]}}