{"id":47371,"date":"2019-07-20T06:00:00","date_gmt":"2019-07-20T10:00:00","guid":{"rendered":"https:\/\/linitiative.ca\/International\/manifestants-et-supporters-sur-la-meme-longueur-donde\/"},"modified":"2019-07-20T06:00:00","modified_gmt":"2019-07-20T10:00:00","slug":"manifestants-et-supporters-sur-la-meme-longueur-donde","status":"publish","type":"post","link":"https:\/\/linitiative.ca\/International\/manifestants-et-supporters-sur-la-meme-longueur-donde\/","title":{"rendered":"Manifestants et supporters sur la m\u00eame longueur d\u2019onde"},"content":{"rendered":"<div id=\"originalText\" readability=\"58\">\n<p>\u00c0 Tlemcen, politique et foot se sont intimement imbriqu\u00e9s en ce 22e vendredi du mouvement populaire pacifique exigeant le d\u00e9part de toutes les figures symbolisant l\u2019ancien r\u00e9gime. Ils \u00e9taient des milliers \u00e0 travers cette wilaya de l\u2019Ouest \u00e0 exprimer haut et fort leur joie pour la qualification de l\u2019\u00e9quipe nationale \u00e0 la finale de la Coupe d\u2019Afrique des nations et en m\u00eame\u00a0 temps \u00e0 r\u00e9clamer de nouveau l\u2019institution d\u2019un \u00c9tat civil et non militaire, reposant sur le socle d\u00e9mocratique et consacrant et respectant toutes les libert\u00e9s. Ce fut en quelque sorte du deux en un.<\/p>\n<p>Dans leurs slogans, les manifestants ont demand\u00e9 la lib\u00e9ration de tous les manifestants arr\u00eat\u00e9s lors des pr\u00e9c\u00e9dentes marches et mis en avant le fait que seule une p\u00e9riode de transition conduite par des personnalit\u00e9s int\u00e8gres et n\u2019appartenant \u00e0 aucun parti pourra faire sortir le pays de la crise grave qu\u2019il subit depuis la destitution d\u2019Abdelaziz Bouteflika.<\/p>\n<p>Drapeaux, oriflammes, \u00e9charpes et couvre-chefs aux couleurs nationales, larges banderoles aux couleurs vert, rouge et blanc ont \u00e9t\u00e9 d\u00e9ploy\u00e9s tout le long de la place \u00c9mir-Abdelkader, face \u00e0 la grande mosqu\u00e9e, d\u2019o\u00f9 s\u2019est \u00e9branl\u00e9e la marche pacifique. Les principales rues ont \u00e9t\u00e9 d\u00e9cor\u00e9es de guirlandes, de ballons, d\u2019affiches et de diverses reliques et ce, \u00e0 la gloire de l\u2019\u00e9quipe nationale. La pr\u00e9sence f\u00e9minine a \u00e9t\u00e9 remarqu\u00e9e avec des groupes form\u00e9s d\u2019\u00e9tudiantes et de femmes au foyer qui ont tenu \u00e0 prendre part au d\u00e9fil\u00e9, malgr\u00e9 la chaleur et la soif.<br \/>\u00a0<\/p>\n<p class=\"c10\"><strong>B. A.<\/strong><\/p>\n<\/div>\n<div id=\"text_core\" readability=\"58\">\n<p>\u00c0 Tlemcen, politique et foot se sont intimement imbriqu\u00e9s en ce 22e vendredi du mouvement populaire pacifique exigeant le d\u00e9part de toutes les figures symbolisant l\u2019ancien r\u00e9gime. Ils \u00e9taient des milliers \u00e0 travers cette wilaya de l\u2019Ouest \u00e0 exprimer haut et fort leur joie pour la qualification de l\u2019\u00e9quipe nationale \u00e0 la finale de la Coupe d\u2019Afrique des nations et en m\u00eame\u00a0 temps \u00e0 r\u00e9clamer de nouveau l\u2019institution d\u2019un \u00c9tat civil et non militaire, reposant sur le socle d\u00e9mocratique et consacrant et respectant toutes les libert\u00e9s. Ce fut en quelque sorte du deux en un.<\/p>\n<p>Dans leurs slogans, les manifestants ont demand\u00e9 la lib\u00e9ration de tous les manifestants arr\u00eat\u00e9s lors des pr\u00e9c\u00e9dentes marches et mis en avant le fait que seule une p\u00e9riode de transition conduite par des personnalit\u00e9s int\u00e8gres et n\u2019appartenant \u00e0 aucun parti pourra faire sortir le pays de la crise grave qu\u2019il subit depuis la destitution d\u2019Abdelaziz Bouteflika.<\/p>\n<p>Drapeaux, oriflammes, \u00e9charpes et couvre-chefs aux couleurs nationales, larges banderoles aux couleurs vert, rouge et blanc ont \u00e9t\u00e9 d\u00e9ploy\u00e9s tout le long de la place \u00c9mir-Abdelkader, face \u00e0 la grande mosqu\u00e9e, d\u2019o\u00f9 s\u2019est \u00e9branl\u00e9e la marche pacifique. Les principales rues ont \u00e9t\u00e9 d\u00e9cor\u00e9es de guirlandes, de ballons, d\u2019affiches et de diverses reliques et ce, \u00e0 la gloire de l\u2019\u00e9quipe nationale. La pr\u00e9sence f\u00e9minine a \u00e9t\u00e9 remarqu\u00e9e avec des groupes form\u00e9s d\u2019\u00e9tudiantes et de femmes au foyer qui ont tenu \u00e0 prendre part au d\u00e9fil\u00e9, malgr\u00e9 la chaleur et la soif.<br \/>\u00a0<\/p>\n<p class=\"c10\"><strong>B. A.<\/strong><\/p>\n<\/div>\n<p>Auteur:<br \/>\n<a href=\"https:\/\/www.liberte-algerie.com\/actualite\/manifestants-et-supporters-sur-la-meme-longueur-donde-320263\">Cliquez ici pour lire l&rsquo;article depuis sa source.<\/a><\/p>\n","protected":false},"excerpt":{"rendered":"<p>\u00c0 Tlemcen, politique et foot se sont intimement imbriqu\u00e9s en ce 22e vendredi du mouvement populaire pacifique exigeant le d\u00e9part de toutes les figures symbolisant l\u2019ancien r\u00e9gime. Ils \u00e9taient des milliers \u00e0 travers cette wilaya de l\u2019Ouest \u00e0 exprimer haut et fort leur joie pour la qualification de l\u2019\u00e9quipe nationale \u00e0 la finale de la [&hellip;]<\/p>\n","protected":false},"author":1742,"featured_media":0,"comment_status":"closed","ping_status":"closed","sticky":false,"template":"","format":"standard","meta":{"fifu_image_url":"","fifu_image_alt":"","footnotes":""},"categories":[73,53],"tags":[],"class_list":["post-47371","post","type-post","status-publish","format-standard","hentry","category-actualite","category-algerie"],"_links":{"self":[{"href":"https:\/\/linitiative.ca\/International\/wp-json\/wp\/v2\/posts\/47371","targetHints":{"allow":["GET"]}}],"collection":[{"href":"https:\/\/linitiative.ca\/International\/wp-json\/wp\/v2\/posts"}],"about":[{"href":"https:\/\/linitiative.ca\/International\/wp-json\/wp\/v2\/types\/post"}],"author":[{"embeddable":true,"href":"https:\/\/linitiative.ca\/International\/wp-json\/wp\/v2\/users\/1742"}],"replies":[{"embeddable":true,"href":"https:\/\/linitiative.ca\/International\/wp-json\/wp\/v2\/comments?post=47371"}],"version-history":[{"count":0,"href":"https:\/\/linitiative.ca\/International\/wp-json\/wp\/v2\/posts\/47371\/revisions"}],"wp:attachment":[{"href":"https:\/\/linitiative.ca\/International\/wp-json\/wp\/v2\/media?parent=47371"}],"wp:term":[{"taxonomy":"category","embeddable":true,"href":"https:\/\/linitiative.ca\/International\/wp-json\/wp\/v2\/categories?post=47371"},{"taxonomy":"post_tag","embeddable":true,"href":"https:\/\/linitiative.ca\/International\/wp-json\/wp\/v2\/tags?post=47371"}],"curies":[{"name":"wp","href":"https:\/\/api.w.org\/{rel}","templated":true}]}}