{"id":47373,"date":"2019-07-20T06:00:00","date_gmt":"2019-07-20T10:00:00","guid":{"rendered":"https:\/\/linitiative.ca\/International\/oui-a-une-transition-pacifique-non-a-une-transition-clanique\/"},"modified":"2019-07-20T06:00:00","modified_gmt":"2019-07-20T10:00:00","slug":"oui-a-une-transition-pacifique-non-a-une-transition-clanique","status":"publish","type":"post","link":"https:\/\/linitiative.ca\/International\/oui-a-une-transition-pacifique-non-a-une-transition-clanique\/","title":{"rendered":"\u201cOui \u00e0 une transition pacifique, non \u00e0 une transition clanique\u201d"},"content":{"rendered":"<div id=\"originalText\" readability=\"78\">\n<p>Des centaines de citoyens venus des quatre coins de la wilaya de Mostaganem ont march\u00e9, hier, \u00e0 Mostaganem, pour le 22e vendredi cons\u00e9cutif de protestation contre le r\u00e9gime en place, malgr\u00e9 la canicule qui s\u00e9vit \u00e0 Mostaganem, pour exprimer le rejet du syst\u00e8me en place. Comme \u00e0 l\u2019accoutum\u00e9e, la marche a d\u00e9marr\u00e9 \u00e0 partir de la place de la Mairie, au centre-ville de Mostaganem, pour sillonner les principales rues o\u00f9 les manifestants ont scand\u00e9 des slogans hostiles au pouvoir.<\/p>\n<p>Les marcheurs ont brandi des embl\u00e8mes nationaux et de football, ainsi que des pancartes et des banderoles sur lesquelles sont \u00e9crits des slogans d\u00e9non\u00e7ant les tenants du pouvoir en place, \u00e0 leur t\u00eate Bensalah, le pr\u00e9sident par int\u00e9rim dont le mandat a expir\u00e9 constitutionnellement. \u201cAbdelkader Bensalah occupe la Pr\u00e9sidence ill\u00e9galement\u201d, lit-on sur une pancarte brandie par un manifestant, ou encore \u201cGouvernement Bedoui d\u00e9gage !\u201d. Des voix puissantes ont scand\u00e9 : \u201cDawla madania, machi \u00e2askaria\u201d (\u00c9tat civil et non militaire), en r\u00e9it\u00e9rant les principes d\u2019une d\u00e9mocratie avec une transition pacifique pour une deuxi\u00e8me r\u00e9publique.<\/p>\n<p>\u201cPour une transition pacifique, non \u00e0 une transition clanique\u201d, \u201cL\u2019Alg\u00e9rie est une R\u00e9publique, pas une caserne\u201d, criaient encore les marcheurs, avant d\u2019entonner l\u2019hymne national. \u201cDjaza\u00efr, hourra democratia, madania, machi \u00e2askaria. Continuons main dans la main en unifiant nos forces et notre volont\u00e9. Ils d\u00e9gageront tous, sans exception ! Nul ne peut aller \u00e0 l\u2019encontre d\u2019un peuple qui se soul\u00e8ve\u201d, dira-t-il. Cette fois-ci, \u00e0 la t\u00eate du cort\u00e8ge, les b\u00e2tonniers de Mostaganem et quelques anciennes figures du barreau avec des slogans et des mots d\u2019ordre sont en ad\u00e9quation avec le contexte dans lequel se d\u00e9bat la fonction d\u2019avocat. \u201cPour l\u2019ind\u00e9pendance de la justice\u201d, \u201cLibert\u00e9 !\u201d, \u201cLib\u00e9rez la justice\u201d, \u201cLibert\u00e9 d\u2019opinion, libert\u00e9 d\u2019expression, libert\u00e9 de circuler\u201d, \u201cTransition obligatoire\u201d et d\u2019autres encore.<\/p>\n<p class=\"c10\"><strong>E. Y.<\/strong><\/p>\n<\/div>\n<div id=\"text_core\" readability=\"78\">\n<p>Des centaines de citoyens venus des quatre coins de la wilaya de Mostaganem ont march\u00e9, hier, \u00e0 Mostaganem, pour le 22e vendredi cons\u00e9cutif de protestation contre le r\u00e9gime en place, malgr\u00e9 la canicule qui s\u00e9vit \u00e0 Mostaganem, pour exprimer le rejet du syst\u00e8me en place. Comme \u00e0 l\u2019accoutum\u00e9e, la marche a d\u00e9marr\u00e9 \u00e0 partir de la place de la Mairie, au centre-ville de Mostaganem, pour sillonner les principales rues o\u00f9 les manifestants ont scand\u00e9 des slogans hostiles au pouvoir.<\/p>\n<p>Les marcheurs ont brandi des embl\u00e8mes nationaux et de football, ainsi que des pancartes et des banderoles sur lesquelles sont \u00e9crits des slogans d\u00e9non\u00e7ant les tenants du pouvoir en place, \u00e0 leur t\u00eate Bensalah, le pr\u00e9sident par int\u00e9rim dont le mandat a expir\u00e9 constitutionnellement. \u201cAbdelkader Bensalah occupe la Pr\u00e9sidence ill\u00e9galement\u201d, lit-on sur une pancarte brandie par un manifestant, ou encore \u201cGouvernement Bedoui d\u00e9gage !\u201d. Des voix puissantes ont scand\u00e9 : \u201cDawla madania, machi \u00e2askaria\u201d (\u00c9tat civil et non militaire), en r\u00e9it\u00e9rant les principes d\u2019une d\u00e9mocratie avec une transition pacifique pour une deuxi\u00e8me r\u00e9publique.<\/p>\n<p>\u201cPour une transition pacifique, non \u00e0 une transition clanique\u201d, \u201cL\u2019Alg\u00e9rie est une R\u00e9publique, pas une caserne\u201d, criaient encore les marcheurs, avant d\u2019entonner l\u2019hymne national. \u201cDjaza\u00efr, hourra democratia, madania, machi \u00e2askaria. Continuons main dans la main en unifiant nos forces et notre volont\u00e9. Ils d\u00e9gageront tous, sans exception ! Nul ne peut aller \u00e0 l\u2019encontre d\u2019un peuple qui se soul\u00e8ve\u201d, dira-t-il. Cette fois-ci, \u00e0 la t\u00eate du cort\u00e8ge, les b\u00e2tonniers de Mostaganem et quelques anciennes figures du barreau avec des slogans et des mots d\u2019ordre sont en ad\u00e9quation avec le contexte dans lequel se d\u00e9bat la fonction d\u2019avocat. \u201cPour l\u2019ind\u00e9pendance de la justice\u201d, \u201cLibert\u00e9 !\u201d, \u201cLib\u00e9rez la justice\u201d, \u201cLibert\u00e9 d\u2019opinion, libert\u00e9 d\u2019expression, libert\u00e9 de circuler\u201d, \u201cTransition obligatoire\u201d et d\u2019autres encore.<\/p>\n<p class=\"c10\"><strong>E. Y.<\/strong><\/p>\n<\/div>\n<p>Auteur:<br \/>\n<a href=\"https:\/\/www.liberte-algerie.com\/actualite\/oui-a-une-transition-pacifique-non-a-une-transition-clanique-320261\">Cliquez ici pour lire l&rsquo;article depuis sa source.<\/a><\/p>\n","protected":false},"excerpt":{"rendered":"<p>Des centaines de citoyens venus des quatre coins de la wilaya de Mostaganem ont march\u00e9, hier, \u00e0 Mostaganem, pour le 22e vendredi cons\u00e9cutif de protestation contre le r\u00e9gime en place, malgr\u00e9 la canicule qui s\u00e9vit \u00e0 Mostaganem, pour exprimer le rejet du syst\u00e8me en place. Comme \u00e0 l\u2019accoutum\u00e9e, la marche a d\u00e9marr\u00e9 \u00e0 partir de [&hellip;]<\/p>\n","protected":false},"author":1742,"featured_media":0,"comment_status":"closed","ping_status":"closed","sticky":false,"template":"","format":"standard","meta":{"fifu_image_url":"","fifu_image_alt":"","footnotes":""},"categories":[73,53],"tags":[],"class_list":["post-47373","post","type-post","status-publish","format-standard","hentry","category-actualite","category-algerie"],"_links":{"self":[{"href":"https:\/\/linitiative.ca\/International\/wp-json\/wp\/v2\/posts\/47373","targetHints":{"allow":["GET"]}}],"collection":[{"href":"https:\/\/linitiative.ca\/International\/wp-json\/wp\/v2\/posts"}],"about":[{"href":"https:\/\/linitiative.ca\/International\/wp-json\/wp\/v2\/types\/post"}],"author":[{"embeddable":true,"href":"https:\/\/linitiative.ca\/International\/wp-json\/wp\/v2\/users\/1742"}],"replies":[{"embeddable":true,"href":"https:\/\/linitiative.ca\/International\/wp-json\/wp\/v2\/comments?post=47373"}],"version-history":[{"count":0,"href":"https:\/\/linitiative.ca\/International\/wp-json\/wp\/v2\/posts\/47373\/revisions"}],"wp:attachment":[{"href":"https:\/\/linitiative.ca\/International\/wp-json\/wp\/v2\/media?parent=47373"}],"wp:term":[{"taxonomy":"category","embeddable":true,"href":"https:\/\/linitiative.ca\/International\/wp-json\/wp\/v2\/categories?post=47373"},{"taxonomy":"post_tag","embeddable":true,"href":"https:\/\/linitiative.ca\/International\/wp-json\/wp\/v2\/tags?post=47373"}],"curies":[{"name":"wp","href":"https:\/\/api.w.org\/{rel}","templated":true}]}}