{"id":47375,"date":"2019-07-20T06:00:00","date_gmt":"2019-07-20T10:00:00","guid":{"rendered":"https:\/\/linitiative.ca\/International\/mobilisation-accrue\/"},"modified":"2019-07-20T06:00:00","modified_gmt":"2019-07-20T10:00:00","slug":"mobilisation-accrue","status":"publish","type":"post","link":"https:\/\/linitiative.ca\/International\/mobilisation-accrue\/","title":{"rendered":"Mobilisation accrue"},"content":{"rendered":"<div id=\"originalText\" readability=\"71\">\n<p>Qui aurait mis\u00e9 sur un tel challenge de cette mobilisation citoyenne qui en est \u00e0 son 22e vendredi ? Ils l\u2019ont promis d\u00e8s les premiers vendredis de ce mouvement populaire. \u2018\u2018Nous continuons \u00e0 manifester et \u00e0 poursuivre notre hirak jusqu\u2019au d\u00e9part du syst\u00e8me\u2019\u2019, n\u2019ont-ils cess\u00e9 de r\u00e9p\u00e9ter \u00e0 ceux qui veulent les entendre. Promesse tenue, car ni le mois de Ramadhan ni la p\u00e9riode des grandes chaleurs n\u2019ont r\u00e9ussi \u00e0 d\u00e9courager la population.<\/p>\n<p>Ce vendredi, acte 22. M\u00eame d\u00e9termination, avec des revendications qui \u00e9voluent selon la situation de l\u2019heure. \u2018\u2018Nous n\u2019avons ressenti aucun signe de fatigue. Bien au contraire, nous avons trouv\u00e9 du plaisir \u00e0 marcher apr\u00e8s chaque pri\u00e8re hebdomadaire du vendredi\u2019\u2019, nous dira un septuag\u00e9naire qui a prouv\u00e9 sa fid\u00e9lit\u00e9 au hirak gr\u00e2ce \u00e0 une pr\u00e9sence r\u00e9guli\u00e8re parmi la foule compos\u00e9e de milliers de marcheurs hommes, femmes et enfants.<\/p>\n<p>Ainsi, \u00e0 quelques heures du coup d\u2019envoi de la rencontre Alg\u00e9rie-S\u00e9n\u00e9gal comptant pour la finale de la Coupe d\u2019Afrique des nations, nous avons v\u00e9cu une v\u00e9ritable ambiance de f\u00eate avec ce souhait d\u2019en finir avec le S\u00e9n\u00e9gal, mais aussi cette d\u00e9termination d\u2019en finir avec Ga\u00efd Salah qui s\u2019acharne \u00e0 imposer sa feuille de route. Les slogans scand\u00e9s tout au long de l\u2019itin\u00e9raire, qui a pris le d\u00e9part du si\u00e8ge de la wilaya avec comme point de chute la place du 9-D\u00e9cembre-1960, sont tr\u00e8s clairs : \u2018\u2018S\u00e9n\u00e9gal rayeh rayeh eddi m\u2019\u00e2ak Ga\u00efd Salah\u2019\u2019 (S\u00e9n\u00e9gal partant partant, emm\u00e8ne avec toi Ga\u00efd Salah).<\/p>\n<p>D\u2019autres mots d\u2019ordre r\u00e9pondent aux aspirations du peuple qui n\u2019a pas cach\u00e9 sa soif de vivre dans un v\u00e9ritable \u00c9tat d\u00e9mocratique loin d\u2019une gouvernance sous la banni\u00e8re de la casquette. \u2018\u2018Ya el Ga\u00efd Salah, barka mela\u00e2b el mada 7 soulta li echa\u00e2b\u2019\u2019, \u2018\u2018Echa\u00e2b yourid el istiklal\u2019\u2019 et \u2018\u2018La nourid la nourid houkm el askar men djadid\u201d \u00e9taient les principaux mots d\u2019ordre d\u2019une grande partie des marcheurs, alors que d\u2019autres ne se sont pas emp\u00each\u00e9s de s\u2019attaquer aux deux personnalit\u00e9s civiles impos\u00e9es pour gouverner, \u00e0 savoir Noureddine Bedoui (fraudeur) et Abdelkader Bensalah, qualifi\u00e9es d\u2019ill\u00e9gitimes avec des \u2018\u2018La Bedoui, la Bensalah, hatta wahed ma rahou salah\u2019\u2019 et \u2018\u2018Rahil errahil, ya ba\u2019at ettazouir\u2019\u2019.<\/p>\n<p class=\"c10\"><strong>M. LARADJ<\/strong><\/p>\n<\/div>\n<div id=\"text_core\" readability=\"71\">\n<p>Qui aurait mis\u00e9 sur un tel challenge de cette mobilisation citoyenne qui en est \u00e0 son 22e vendredi ? Ils l\u2019ont promis d\u00e8s les premiers vendredis de ce mouvement populaire. \u2018\u2018Nous continuons \u00e0 manifester et \u00e0 poursuivre notre hirak jusqu\u2019au d\u00e9part du syst\u00e8me\u2019\u2019, n\u2019ont-ils cess\u00e9 de r\u00e9p\u00e9ter \u00e0 ceux qui veulent les entendre. Promesse tenue, car ni le mois de Ramadhan ni la p\u00e9riode des grandes chaleurs n\u2019ont r\u00e9ussi \u00e0 d\u00e9courager la population.<\/p>\n<p>Ce vendredi, acte 22. M\u00eame d\u00e9termination, avec des revendications qui \u00e9voluent selon la situation de l\u2019heure. \u2018\u2018Nous n\u2019avons ressenti aucun signe de fatigue. Bien au contraire, nous avons trouv\u00e9 du plaisir \u00e0 marcher apr\u00e8s chaque pri\u00e8re hebdomadaire du vendredi\u2019\u2019, nous dira un septuag\u00e9naire qui a prouv\u00e9 sa fid\u00e9lit\u00e9 au hirak gr\u00e2ce \u00e0 une pr\u00e9sence r\u00e9guli\u00e8re parmi la foule compos\u00e9e de milliers de marcheurs hommes, femmes et enfants.<\/p>\n<p>Ainsi, \u00e0 quelques heures du coup d\u2019envoi de la rencontre Alg\u00e9rie-S\u00e9n\u00e9gal comptant pour la finale de la Coupe d\u2019Afrique des nations, nous avons v\u00e9cu une v\u00e9ritable ambiance de f\u00eate avec ce souhait d\u2019en finir avec le S\u00e9n\u00e9gal, mais aussi cette d\u00e9termination d\u2019en finir avec Ga\u00efd Salah qui s\u2019acharne \u00e0 imposer sa feuille de route. Les slogans scand\u00e9s tout au long de l\u2019itin\u00e9raire, qui a pris le d\u00e9part du si\u00e8ge de la wilaya avec comme point de chute la place du 9-D\u00e9cembre-1960, sont tr\u00e8s clairs : \u2018\u2018S\u00e9n\u00e9gal rayeh rayeh eddi m\u2019\u00e2ak Ga\u00efd Salah\u2019\u2019 (S\u00e9n\u00e9gal partant partant, emm\u00e8ne avec toi Ga\u00efd Salah).<\/p>\n<p>D\u2019autres mots d\u2019ordre r\u00e9pondent aux aspirations du peuple qui n\u2019a pas cach\u00e9 sa soif de vivre dans un v\u00e9ritable \u00c9tat d\u00e9mocratique loin d\u2019une gouvernance sous la banni\u00e8re de la casquette. \u2018\u2018Ya el Ga\u00efd Salah, barka mela\u00e2b el mada 7 soulta li echa\u00e2b\u2019\u2019, \u2018\u2018Echa\u00e2b yourid el istiklal\u2019\u2019 et \u2018\u2018La nourid la nourid houkm el askar men djadid\u201d \u00e9taient les principaux mots d\u2019ordre d\u2019une grande partie des marcheurs, alors que d\u2019autres ne se sont pas emp\u00each\u00e9s de s\u2019attaquer aux deux personnalit\u00e9s civiles impos\u00e9es pour gouverner, \u00e0 savoir Noureddine Bedoui (fraudeur) et Abdelkader Bensalah, qualifi\u00e9es d\u2019ill\u00e9gitimes avec des \u2018\u2018La Bedoui, la Bensalah, hatta wahed ma rahou salah\u2019\u2019 et \u2018\u2018Rahil errahil, ya ba\u2019at ettazouir\u2019\u2019.<\/p>\n<p class=\"c10\"><strong>M. LARADJ<\/strong><\/p>\n<\/div>\n<p>Auteur:<br \/>\n<a href=\"https:\/\/www.liberte-algerie.com\/actualite\/mobilisation-accrue-320258\">Cliquez ici pour lire l&rsquo;article depuis sa source.<\/a><\/p>\n","protected":false},"excerpt":{"rendered":"<p>Qui aurait mis\u00e9 sur un tel challenge de cette mobilisation citoyenne qui en est \u00e0 son 22e vendredi ? Ils l\u2019ont promis d\u00e8s les premiers vendredis de ce mouvement populaire. \u2018\u2018Nous continuons \u00e0 manifester et \u00e0 poursuivre notre hirak jusqu\u2019au d\u00e9part du syst\u00e8me\u2019\u2019, n\u2019ont-ils cess\u00e9 de r\u00e9p\u00e9ter \u00e0 ceux qui veulent les entendre. Promesse tenue, [&hellip;]<\/p>\n","protected":false},"author":1742,"featured_media":0,"comment_status":"closed","ping_status":"closed","sticky":false,"template":"","format":"standard","meta":{"fifu_image_url":"","fifu_image_alt":"","footnotes":""},"categories":[73,53],"tags":[],"class_list":["post-47375","post","type-post","status-publish","format-standard","hentry","category-actualite","category-algerie"],"_links":{"self":[{"href":"https:\/\/linitiative.ca\/International\/wp-json\/wp\/v2\/posts\/47375","targetHints":{"allow":["GET"]}}],"collection":[{"href":"https:\/\/linitiative.ca\/International\/wp-json\/wp\/v2\/posts"}],"about":[{"href":"https:\/\/linitiative.ca\/International\/wp-json\/wp\/v2\/types\/post"}],"author":[{"embeddable":true,"href":"https:\/\/linitiative.ca\/International\/wp-json\/wp\/v2\/users\/1742"}],"replies":[{"embeddable":true,"href":"https:\/\/linitiative.ca\/International\/wp-json\/wp\/v2\/comments?post=47375"}],"version-history":[{"count":0,"href":"https:\/\/linitiative.ca\/International\/wp-json\/wp\/v2\/posts\/47375\/revisions"}],"wp:attachment":[{"href":"https:\/\/linitiative.ca\/International\/wp-json\/wp\/v2\/media?parent=47375"}],"wp:term":[{"taxonomy":"category","embeddable":true,"href":"https:\/\/linitiative.ca\/International\/wp-json\/wp\/v2\/categories?post=47375"},{"taxonomy":"post_tag","embeddable":true,"href":"https:\/\/linitiative.ca\/International\/wp-json\/wp\/v2\/tags?post=47375"}],"curies":[{"name":"wp","href":"https:\/\/api.w.org\/{rel}","templated":true}]}}