{"id":47379,"date":"2019-07-20T07:35:33","date_gmt":"2019-07-20T11:35:33","guid":{"rendered":"https:\/\/linitiative.ca\/International\/le-public-renoue-avec-les-sonorites-du-repertoire-gnaoui\/"},"modified":"2019-07-20T07:35:33","modified_gmt":"2019-07-20T11:35:33","slug":"le-public-renoue-avec-les-sonorites-du-repertoire-gnaoui","status":"publish","type":"post","link":"https:\/\/linitiative.ca\/International\/le-public-renoue-avec-les-sonorites-du-repertoire-gnaoui\/","title":{"rendered":"Le public renoue avec les sonorit\u00e9s du r\u00e9pertoire gnaoui"},"content":{"rendered":"<div readability=\"39\">\n<p>Essaouira \u2013 Le public parmi les souiris et les h\u00f4tes de la cit\u00e9 des Aliz\u00e9s a \u00e9t\u00e9 gratifi\u00e9, vendredi soir \u00e0 l\u2019espace de Dar Souiri, d\u2019un floril\u00e8ge de sonorit\u00e9s des plus embl\u00e9matiques, tir\u00e9es du r\u00e9pertoire gnaoui et ce, dans le cadre de la 2\u00e8me soir\u00e9e du Festival \u00ab\u00a0G\u00e9n\u00e9ration Gnaoua des Jeunes\u00a0\u00bb.<\/p>\n<\/div>\n<div readability=\"98\">\n<p>Dans une ambiance bon enfant, les mordus de l\u2019art gnaoui ont eu \u00e0 appr\u00e9cier trois concerts musicaux de toute beaut\u00e9, qui se sont encha\u00een\u00e9s: dans un premier temps avec la mont\u00e9e sur sc\u00e8ne du groupe du jeune ma\u00e2lem Isma\u00efl Benaddi de la ville d\u2019Essaouira, qui a invit\u00e9 le public pr\u00e9sent \u00e0 un voyage au coeur de cet art ancestral aux rythmes, chants et danses si singuliers.<\/p>\n<p>Apr\u00e8s un show hallucinant, le jeune ma\u00e2lem Benaddi et sa troupe ont c\u00e9d\u00e9 la place au groupe du ma\u00e2lem Saber El Melouani de Rabat le temps de se livrer \u00e0 une d\u00e9monstration musicale dansante assez particuli\u00e8re, une fa\u00e7on de mettre en avant son talent confirm\u00e9 comme pour dire \u00e0 tous, qu\u2019\u00e0 travers ces jeunes ma\u00e2lems et bien d\u2019autres, la transmission de cette musique transe aux affluents diversifi\u00e9s aux g\u00e9n\u00e9rations montantes, se trouve hautement assur\u00e9e.<\/p>\n<p>Et pour clore en beaut\u00e9 cette soir\u00e9e, les aficionados de gnaoua et son rituel ont \u00e9t\u00e9 convi\u00e9s \u00e0 un spectacle all\u00e9chant sign\u00e9, cette fois-ci, le groupe du ma\u00e2lem Amine Boujah d\u2019Essaouira, le temps de faire d\u00e9couvrir \u00e0 l\u2019assistance un art gnaoui 100% souiri et ce, pour le bonheur et le plaisir des festivaliers.<\/p>\n<p>A noter que ces trois concerts s\u2019inscrivent dans le cadre d\u2019une comp\u00e9tition mettant en lice six troupes de jeunes ma\u00e2lems gnaouis d\u2019Essaouira et d\u2019autres villes du Maroc, qui seront d\u00e9partag\u00e9es au terme de cette 2\u00e8me \u00e9dition du Festival \u00a0\u00bbG\u00e9n\u00e9ration Gnaoua des Jeunes\u00a0\u00bb, par un Jury compos\u00e9 des Grands Ma\u00e2lems Ahmed Bakbou (Marrakech), Abdelkader Amlil (Rabat) et Hamid Dakaki (F\u00e8s).<\/p>\n<p>Le public sera au rendez-vous samedi soir avec la 2\u00e8 phase de la comp\u00e9tition qui mettra \u00e0 l\u2019\u00e9preuve les groupes gnaouis des jeunes ma\u00e2lems Zouha\u00efr Tahlaoui (Safi), Youssef Outanine (Essaouira), et Soufiane Biskouane de Marrakech.<\/p>\n<p>Quant \u00e0 la soir\u00e9e de cl\u00f4ture de ce Festival, elle sera l\u2019occasion pour le ma\u00e2lem Mouhssine Chalah et sa troupe musicale de briller de mille feux et de d\u00e9montrer leur talent devant les festivaliers avides d\u2019une prochaine \u00e9dition pleine de belles promesses.<\/p>\n<p>Sign\u00e9 l\u2019Association \u00a0\u00bbG\u00e9n\u00e9ration Gnaoua Essaouira\u00a0\u00bb, le Festival \u00a0\u00bbG\u00e9n\u00e9ration Gnaoua des Jeunes\u00a0\u00bb se veut un espace d\u2019expression au profit des jeunes, \u00e0 m\u00eame de leur permettre de mettre en avant leur talent et exploiter leurs \u00e9nergies positives.<\/p>\n<p>Ce rendez-vous annuel, qui b\u00e9n\u00e9ficie du concours de l\u2019Association Essaouira-Mogador ainsi que de plusieurs autres partenaires, se fixe pour mission de mettre en avant la richesse et la diversit\u00e9 de l\u2019art gnaoui, et se veut l\u2019illustration de l\u2019engagement de ces jeunes ma\u00e2lems en vue de promouvoir et valoriser l\u2019art gnaoui et d\u2019oeuvrer pour sa transmission aux g\u00e9n\u00e9rations futures.<\/p>\n<p>L\u2019un des moments forts de cette \u00e9dition sera un colloque autour de la th\u00e9matique \u00a0\u00bble patrimoine gnaoui et les jeunes pour le d\u00e9veloppement et l\u2019\u00e9change interculturel\u00a0\u00bb, outre une exposition collective de toiles sign\u00e9es Mohyi Eddine Dahhaoui, Redouane Oulasri et Hassan Ajou.<\/p>\n<\/div>\n<p>Auteur: Meriem IGASS<br \/>\n<a href=\"http:\/\/www.mapmarrakech.ma\/fr\/le-public-renoue-avec-les-sonorites-emblematiques-du-repertoire-gnaoui\/\">Cliquez ici pour lire l&rsquo;article depuis sa source.<\/a><\/p>\n","protected":false},"excerpt":{"rendered":"<p>Essaouira \u2013 Le public parmi les souiris et les h\u00f4tes de la cit\u00e9 des Aliz\u00e9s a \u00e9t\u00e9 gratifi\u00e9, vendredi soir \u00e0 l\u2019espace de Dar Souiri, d\u2019un floril\u00e8ge de sonorit\u00e9s des plus embl\u00e9matiques, tir\u00e9es du r\u00e9pertoire gnaoui et ce, dans le cadre de la 2\u00e8me soir\u00e9e du Festival \u00ab\u00a0G\u00e9n\u00e9ration Gnaoua des Jeunes\u00a0\u00bb. Dans une ambiance bon [&hellip;]<\/p>\n","protected":false},"author":1788,"featured_media":0,"comment_status":"closed","ping_status":"closed","sticky":false,"template":"","format":"standard","meta":{"fifu_image_url":"","fifu_image_alt":"","footnotes":""},"categories":[54,76],"tags":[],"class_list":["post-47379","post","type-post","status-publish","format-standard","hentry","category-maroc","category-regions"],"_links":{"self":[{"href":"https:\/\/linitiative.ca\/International\/wp-json\/wp\/v2\/posts\/47379","targetHints":{"allow":["GET"]}}],"collection":[{"href":"https:\/\/linitiative.ca\/International\/wp-json\/wp\/v2\/posts"}],"about":[{"href":"https:\/\/linitiative.ca\/International\/wp-json\/wp\/v2\/types\/post"}],"author":[{"embeddable":true,"href":"https:\/\/linitiative.ca\/International\/wp-json\/wp\/v2\/users\/1788"}],"replies":[{"embeddable":true,"href":"https:\/\/linitiative.ca\/International\/wp-json\/wp\/v2\/comments?post=47379"}],"version-history":[{"count":0,"href":"https:\/\/linitiative.ca\/International\/wp-json\/wp\/v2\/posts\/47379\/revisions"}],"wp:attachment":[{"href":"https:\/\/linitiative.ca\/International\/wp-json\/wp\/v2\/media?parent=47379"}],"wp:term":[{"taxonomy":"category","embeddable":true,"href":"https:\/\/linitiative.ca\/International\/wp-json\/wp\/v2\/categories?post=47379"},{"taxonomy":"post_tag","embeddable":true,"href":"https:\/\/linitiative.ca\/International\/wp-json\/wp\/v2\/tags?post=47379"}],"curies":[{"name":"wp","href":"https:\/\/api.w.org\/{rel}","templated":true}]}}