{"id":47380,"date":"2019-07-20T08:10:45","date_gmt":"2019-07-20T12:10:45","guid":{"rendered":"https:\/\/linitiative.ca\/International\/la-region-marrakech-safi-fete-ses-brillants-eleves\/"},"modified":"2019-07-20T08:10:45","modified_gmt":"2019-07-20T12:10:45","slug":"la-region-marrakech-safi-fete-ses-brillants-eleves","status":"publish","type":"post","link":"https:\/\/linitiative.ca\/International\/la-region-marrakech-safi-fete-ses-brillants-eleves\/","title":{"rendered":"La r\u00e9gion Marrakech-Safi f\u00eate ses brillants \u00e9l\u00e8ves"},"content":{"rendered":"<div readability=\"38\">\n<p>Marrakech \u2013 Le Conseil de la r\u00e9gion et l\u2019Acad\u00e9mie r\u00e9gionale d\u2019\u00e9ducation et de formation (AREF) de Marrakech-Safi ont organis\u00e9 conjointement vendredi soir, \u00e0 Marrakech, une c\u00e9r\u00e9monie destin\u00e9e \u00e0 f\u00eater les \u00e9l\u00e8ves de la r\u00e9gion, qui ont brill\u00e9 dans tous les cycles et branches au titre de l\u2019ann\u00e9e scolaire 2018-2019.<\/p>\n<\/div>\n<div readability=\"85\">\n<p>Cette c\u00e9r\u00e9monie organis\u00e9e \u00e0 l\u2019occasion de la f\u00eate du Tr\u00f4ne, en pr\u00e9sence notamment de responsables r\u00e9gionaux, d\u2019\u00e9lus, des directeurs provinciaux du minist\u00e8re de l\u2019\u00e9ducation nationale et de la formation professionnelle, des pr\u00e9sidents des associations de parents d\u2019\u00e9l\u00e8ves et des parents d\u2019\u00e9l\u00e8ves, a \u00e9t\u00e9 marqu\u00e9e par la remise de certificats aux \u00e9l\u00e8ves les plus m\u00e9ritants, qui sont issus des diff\u00e9rentes directions provinciales relevant de l\u2019AREF Marrakech-Safi.<\/p>\n<p>Dans une allocution de circonstance, le directeur de l\u2019AREF Marrakech-Safi, Ahmed Karimi, a soulign\u00e9 que l\u2019objectif de cette c\u00e9r\u00e9monie consiste \u00e0 consacrer la culture de la reconnaissance et de l\u2019excellence, inciter les \u00e9l\u00e8ves \u00e0 pers\u00e9v\u00e9rer dans leur parcours scolaire et hisser le niveau des comp\u00e9tences et du rendement des \u00e9tablissements scolaires.<\/p>\n<p>M.Karimi a mis en relief les efforts consentis par les diff\u00e9rents intervenants pour promouvoir le secteur de l\u2019\u00e9ducation et de l\u2019enseignement dans la r\u00e9gion, lesquels efforts ont permis \u00e0 la r\u00e9gion de se classer dans les premi\u00e8res positions concernant les r\u00e9sultats du baccalaur\u00e9at durant les trois derni\u00e8res ann\u00e9es et dans plusieurs activit\u00e9s et concours parascolaires et cr\u00e9atifs, indiquant que l\u2019AREF Marrakech-Safi a mis en place une strat\u00e9gie visant \u00e0 r\u00e9aliser l\u2019\u00e9cole de la qualit\u00e9, l\u2019un des grands d\u00e9fis que le Royaume ambitionne de relever.<\/p>\n<p>La vice-pr\u00e9sidente du Conseil de la r\u00e9gion Marrakech-Safi, charg\u00e9e du secteur de l\u2019\u00e9ducation et de la formation, Hakima El Hirri, a relev\u00e9 pour sa part, que la cr\u00e9ation des \u00ab\u00a0Cit\u00e9s des M\u00e9tiers et des Comp\u00e9tences\u00a0\u00bb nous incite \u00e0 instaurer des liens entre l\u2019\u00e9ducation scolaire et la formation professionnelle et de les int\u00e9grer dans un syst\u00e8me p\u00e9dagogique harmonieux.<\/p>\n<p>Le Conseil de la r\u00e9gion Marrakech-Safi a \u0153uvr\u00e9 \u00e0 mettre en \u0153uvre une strat\u00e9gie \u00e9ducative \u00e0 travers des initiatives et des projets structurants en partenariat avec l\u2019AREF pour promouvoir le secteur et am\u00e9liorer les indicateurs de l\u2019\u00e9ducation et de la formation dans la r\u00e9gion.<\/p>\n<p>Ces initiatives visent notamment le d\u00e9senclavement des \u00e9tablissements scolaires de la r\u00e9gion, la mise \u00e0 niveau des maisons de l\u2019\u00e9tudiant, le renforcement de la formation professionnelle, la lutte contre l\u2019analphab\u00e9tisme et l\u2019encouragement de la recherche scientifique, a-t-elle ajout\u00e9.<\/p>\n<p>Cette c\u00e9r\u00e9monie, qui a \u00e9t\u00e9 ponctu\u00e9e par des spectacles artistiques interpr\u00e9t\u00e9s par des \u00e9l\u00e8ves relevant d\u2019\u00e9tablissements scolaires de la r\u00e9gion, a \u00e9t\u00e9 aussi marqu\u00e9e par la remise de Wissams Royaux \u00e0 des cadres de l\u2019AREF Marrakech-Safi.<\/p>\n<\/div>\n<p>Auteur: Meriem IGASS<br \/>\n<a href=\"http:\/\/www.mapmarrakech.ma\/fr\/la-region-marrakech-safi-fete-ses-brillants-eleves\/\">Cliquez ici pour lire l&rsquo;article depuis sa source.<\/a><\/p>\n","protected":false},"excerpt":{"rendered":"<p>Marrakech \u2013 Le Conseil de la r\u00e9gion et l\u2019Acad\u00e9mie r\u00e9gionale d\u2019\u00e9ducation et de formation (AREF) de Marrakech-Safi ont organis\u00e9 conjointement vendredi soir, \u00e0 Marrakech, une c\u00e9r\u00e9monie destin\u00e9e \u00e0 f\u00eater les \u00e9l\u00e8ves de la r\u00e9gion, qui ont brill\u00e9 dans tous les cycles et branches au titre de l\u2019ann\u00e9e scolaire 2018-2019. Cette c\u00e9r\u00e9monie organis\u00e9e \u00e0 l\u2019occasion de [&hellip;]<\/p>\n","protected":false},"author":1788,"featured_media":0,"comment_status":"closed","ping_status":"closed","sticky":false,"template":"","format":"standard","meta":{"fifu_image_url":"","fifu_image_alt":"","footnotes":""},"categories":[54,76],"tags":[],"class_list":["post-47380","post","type-post","status-publish","format-standard","hentry","category-maroc","category-regions"],"_links":{"self":[{"href":"https:\/\/linitiative.ca\/International\/wp-json\/wp\/v2\/posts\/47380","targetHints":{"allow":["GET"]}}],"collection":[{"href":"https:\/\/linitiative.ca\/International\/wp-json\/wp\/v2\/posts"}],"about":[{"href":"https:\/\/linitiative.ca\/International\/wp-json\/wp\/v2\/types\/post"}],"author":[{"embeddable":true,"href":"https:\/\/linitiative.ca\/International\/wp-json\/wp\/v2\/users\/1788"}],"replies":[{"embeddable":true,"href":"https:\/\/linitiative.ca\/International\/wp-json\/wp\/v2\/comments?post=47380"}],"version-history":[{"count":0,"href":"https:\/\/linitiative.ca\/International\/wp-json\/wp\/v2\/posts\/47380\/revisions"}],"wp:attachment":[{"href":"https:\/\/linitiative.ca\/International\/wp-json\/wp\/v2\/media?parent=47380"}],"wp:term":[{"taxonomy":"category","embeddable":true,"href":"https:\/\/linitiative.ca\/International\/wp-json\/wp\/v2\/categories?post=47380"},{"taxonomy":"post_tag","embeddable":true,"href":"https:\/\/linitiative.ca\/International\/wp-json\/wp\/v2\/tags?post=47380"}],"curies":[{"name":"wp","href":"https:\/\/api.w.org\/{rel}","templated":true}]}}