{"id":47381,"date":"2019-07-20T13:09:48","date_gmt":"2019-07-20T17:09:48","guid":{"rendered":"https:\/\/linitiative.ca\/International\/coeur-a-coeur-un-festival-dedie-aux-arts-plastiques\/"},"modified":"2019-07-20T13:09:48","modified_gmt":"2019-07-20T17:09:48","slug":"coeur-a-coeur-un-festival-dedie-aux-arts-plastiques","status":"publish","type":"post","link":"https:\/\/linitiative.ca\/International\/coeur-a-coeur-un-festival-dedie-aux-arts-plastiques\/","title":{"rendered":"\u00ab\u00a0Coeur \u00e0 Coeur\u00a0\u00bb, un festival d\u00e9di\u00e9 aux arts plastiques"},"content":{"rendered":"<div readability=\"38\">\n<p>Essaouira \u2013 Le Festival \u00a0\u00bbCoeur \u00e0 Coeur\u00a0\u00bb, qui a souffl\u00e9 r\u00e9cemment sa 4\u00e8 bougie \u00e0 Essaouira, \u00e0 l\u2019initiative de l\u2019artiste-peintre Bela\u00efd Belhaoui, se veut un \u00e9v\u00e9nement singulier, con\u00e7u de mani\u00e8re \u00e0 mettre les arts plastiques au service de l\u2019action caritative.<\/p>\n<\/div>\n<div readability=\"103\">\n<p>Ce festival, d\u00e9di\u00e9 \u00e0 mettre en lumi\u00e8re les arts plastiques dans toute leur beaut\u00e9, la diversit\u00e9 de leurs styles et de leurs \u00e9coles, rev\u00eat \u00e9galement une importance humaine, car il offre un espace idoine aux artistes-plasticiens en vue d\u2019apporter leur contribution aux efforts visant \u00e0 promouvoir les valeurs d\u2019aide, d\u2019entraide et de solidarit\u00e9 envers les d\u00e9munis.<\/p>\n<p>\u00a0\u00bbNous consid\u00e9rons que ce festival comme d\u2019ailleurs son nom l\u2019indique +coeur \u00e0 coeur+ est un vecteur s\u00fbr des valeurs de solidarit\u00e9 et surtout d\u2019aide \u00e0 tous ceux qui sont dans le besoin, \u00e9tant donn\u00e9 que les recettes de cet \u00e9v\u00e9nement sont collect\u00e9es pour \u00eatre vers\u00e9es aux enfants de l\u2019association Ida Oublal des villages avoisinants dans la r\u00e9gion d\u2019Essaouira\u00a0\u00bb, a confi\u00e9 \u00e0 la MAP M. Belhaoui.<\/p>\n<p>Il s\u2019agit d\u2019un festival de \u00a0\u00bbg\u00e9n\u00e9rosit\u00e9 et de soutien aux d\u00e9munis\u00a0\u00bb, a-t-il encha\u00een\u00e9, se f\u00e9licitant du grand succ\u00e8s r\u00e9alis\u00e9 par cette nouvelle \u00e9dition ayant rassembl\u00e9 dans la cit\u00e9 des Aliz\u00e9s pr\u00e8s de 90 artistes-peintres marocains et \u00e9trangers en provenance de France, d\u2019Espagne, d\u2019Angleterre et de Pologne, outre des professeurs d\u2019arts plastiques et des calligraphes.<\/p>\n<p>Tout en insistant sur l\u2019aspect caritatif de cet \u00e9v\u00e9nement, M. Belhaoui a tenu \u00e0 remercier tous les artistes-plasticiens participants qui ont bien voulu se joindre \u00e0 son oeuvre pour aider les personnes en situation difficile, notant que les toiles r\u00e9alis\u00e9es sur place sont mises en vente et leurs revenus seront mobilis\u00e9s pour venir en aide aux enfants et am\u00e9liorer les conditions de vie dans les zones cibl\u00e9es.<\/p>\n<p>Pour des raisons de proximit\u00e9 et afin de rapprocher le grand public des arts plastiques, le festival \u00ab\u00a0Coeur \u00e0 Coeur\u00a0\u00bb a investi plusieurs espaces de la ville, dont l\u2019Institut Fran\u00e7ais d\u2019Essaouira, le Centre Culturel et Artistique (ancien palais de justice d\u2019Essaouira) ou encore la place Moulay El Hassan qui a abrit\u00e9 des ateliers en plein air d\u2019initiation \u00e0 l\u2019art plastique en faveur de plusieurs groupes de jeunes \u00e9coliers issus de la province.<\/p>\n<p>Pour joindre l\u2019utile \u00e0 l\u2019agr\u00e9able, une s\u00e9rie d\u2019expositions et de vernissage ont \u00e9t\u00e9 organis\u00e9es pour la circonstance, a expliqu\u00e9 M. Belhaoui, faisant savoir que lors de cette \u00e9dition, un hommage posthume a \u00e9t\u00e9 \u00e9galement rendu \u00e0 l\u2019artiste-peintre Feue Pierrette Karima Afifi. \u00abLe festival a perdu un grand c\u0153ur!\u00bb, a-t-il dit avec tristesse et beaucoup d\u2019\u00e9motions.<\/p>\n<p>Ce festival, fruit d\u2019un long travail, a aussi le m\u00e9rite de contribuer \u00e0 tous les efforts qui se font au niveau de la ville d\u2019Essaouira pour booster la dynamique culturelle et artistique de cette belle cit\u00e9, a-t-il ajout\u00e9, pr\u00e9cisant qu\u2019il offre \u00e9galement un espace de retrouvailles, de rencontres, d\u2019\u00e9change et de partage entre des artistes du Nord et du Sud pour mieux se conna\u00eetre et pourquoi pas envisager des projets artistiques communs.<\/p>\n<p>Sur une lueur d\u2019optimisme, il a \u00e9mis le voeu de voir ce festival grandir dans les ann\u00e9es \u00e0 venir et que d\u2019autres suivront l\u2019exemple de cette belle initiative dans d\u2019autres villes du Royaume.<\/p>\n<p>A noter qu\u2019au terme de cette nouvelle \u00e9dition, des visites guid\u00e9es ont \u00e9t\u00e9 organis\u00e9es au profit des festivaliers dans nombre de sites, galeries et monuments de la cit\u00e9 des Aliz\u00e9s.<\/p>\n<\/div>\n<p>Auteur: Meriem IGASS<br \/>\n<a href=\"http:\/\/www.mapmarrakech.ma\/fr\/coeur-a-coeur-un-festival-au-service-de-laction-caritative\/\">Cliquez ici pour lire l&rsquo;article depuis sa source.<\/a><\/p>\n","protected":false},"excerpt":{"rendered":"<p>Essaouira \u2013 Le Festival \u00a0\u00bbCoeur \u00e0 Coeur\u00a0\u00bb, qui a souffl\u00e9 r\u00e9cemment sa 4\u00e8 bougie \u00e0 Essaouira, \u00e0 l\u2019initiative de l\u2019artiste-peintre Bela\u00efd Belhaoui, se veut un \u00e9v\u00e9nement singulier, con\u00e7u de mani\u00e8re \u00e0 mettre les arts plastiques au service de l\u2019action caritative. Ce festival, d\u00e9di\u00e9 \u00e0 mettre en lumi\u00e8re les arts plastiques dans toute leur beaut\u00e9, la [&hellip;]<\/p>\n","protected":false},"author":1788,"featured_media":0,"comment_status":"closed","ping_status":"closed","sticky":false,"template":"","format":"standard","meta":{"fifu_image_url":"","fifu_image_alt":"","footnotes":""},"categories":[54,76],"tags":[],"class_list":["post-47381","post","type-post","status-publish","format-standard","hentry","category-maroc","category-regions"],"_links":{"self":[{"href":"https:\/\/linitiative.ca\/International\/wp-json\/wp\/v2\/posts\/47381","targetHints":{"allow":["GET"]}}],"collection":[{"href":"https:\/\/linitiative.ca\/International\/wp-json\/wp\/v2\/posts"}],"about":[{"href":"https:\/\/linitiative.ca\/International\/wp-json\/wp\/v2\/types\/post"}],"author":[{"embeddable":true,"href":"https:\/\/linitiative.ca\/International\/wp-json\/wp\/v2\/users\/1788"}],"replies":[{"embeddable":true,"href":"https:\/\/linitiative.ca\/International\/wp-json\/wp\/v2\/comments?post=47381"}],"version-history":[{"count":0,"href":"https:\/\/linitiative.ca\/International\/wp-json\/wp\/v2\/posts\/47381\/revisions"}],"wp:attachment":[{"href":"https:\/\/linitiative.ca\/International\/wp-json\/wp\/v2\/media?parent=47381"}],"wp:term":[{"taxonomy":"category","embeddable":true,"href":"https:\/\/linitiative.ca\/International\/wp-json\/wp\/v2\/categories?post=47381"},{"taxonomy":"post_tag","embeddable":true,"href":"https:\/\/linitiative.ca\/International\/wp-json\/wp\/v2\/tags?post=47381"}],"curies":[{"name":"wp","href":"https:\/\/api.w.org\/{rel}","templated":true}]}}