{"id":47383,"date":"2019-07-20T14:54:15","date_gmt":"2019-07-20T18:54:15","guid":{"rendered":"https:\/\/linitiative.ca\/International\/rcar-laugmentation-des-allocations-familiales-des-juillet\/"},"modified":"2019-07-20T14:54:15","modified_gmt":"2019-07-20T18:54:15","slug":"rcar-laugmentation-des-allocations-familiales-des-juillet","status":"publish","type":"post","link":"https:\/\/linitiative.ca\/International\/rcar-laugmentation-des-allocations-familiales-des-juillet\/","title":{"rendered":"RCAR: L\u2019augmentation des allocations familiales d\u00e8s juillet"},"content":{"rendered":"<p class=\"rtejustify\">En charge de la gestion du R\u00e9gime Collectif d\u2019Allocation de Retraite, CDG pr\u00e9voyance va proc\u00e9der \u00e0 l\u2019augmentation des allocations familiales de ses clients b\u00e9n\u00e9ficiaires de pensions ayant des enfants \u00e0 charge. Cette augmentation prendra effet \u00e0 compter de la pension du mois de juillet 2019.<\/p>\n<p class=\"rtejustify\"><em>M.A.B.<\/em><\/p>\n<p>Auteur: hlafriqi<br \/>\n<a href=\"https:\/\/www.leconomiste.com\/article\/1048070-rcar-l-augmentation-des-allocations-familiales-des-juillet\">Cliquez ici pour lire l&rsquo;article depuis sa source.<\/a><\/p>\n","protected":false},"excerpt":{"rendered":"<p>En charge de la gestion du R\u00e9gime Collectif d\u2019Allocation de Retraite, CDG pr\u00e9voyance va proc\u00e9der \u00e0 l\u2019augmentation des allocations familiales de ses clients b\u00e9n\u00e9ficiaires de pensions ayant des enfants \u00e0 charge. Cette augmentation prendra effet \u00e0 compter de la pension du mois de juillet 2019. M.A.B. Auteur: hlafriqi Cliquez ici pour lire l&rsquo;article depuis sa [&hellip;]<\/p>\n","protected":false},"author":1763,"featured_media":0,"comment_status":"closed","ping_status":"closed","sticky":false,"template":"","format":"standard","meta":{"fifu_image_url":"","fifu_image_alt":"","footnotes":""},"categories":[78,54],"tags":[],"class_list":["post-47383","post","type-post","status-publish","format-standard","hentry","category-economie","category-maroc"],"_links":{"self":[{"href":"https:\/\/linitiative.ca\/International\/wp-json\/wp\/v2\/posts\/47383","targetHints":{"allow":["GET"]}}],"collection":[{"href":"https:\/\/linitiative.ca\/International\/wp-json\/wp\/v2\/posts"}],"about":[{"href":"https:\/\/linitiative.ca\/International\/wp-json\/wp\/v2\/types\/post"}],"author":[{"embeddable":true,"href":"https:\/\/linitiative.ca\/International\/wp-json\/wp\/v2\/users\/1763"}],"replies":[{"embeddable":true,"href":"https:\/\/linitiative.ca\/International\/wp-json\/wp\/v2\/comments?post=47383"}],"version-history":[{"count":0,"href":"https:\/\/linitiative.ca\/International\/wp-json\/wp\/v2\/posts\/47383\/revisions"}],"wp:attachment":[{"href":"https:\/\/linitiative.ca\/International\/wp-json\/wp\/v2\/media?parent=47383"}],"wp:term":[{"taxonomy":"category","embeddable":true,"href":"https:\/\/linitiative.ca\/International\/wp-json\/wp\/v2\/categories?post=47383"},{"taxonomy":"post_tag","embeddable":true,"href":"https:\/\/linitiative.ca\/International\/wp-json\/wp\/v2\/tags?post=47383"}],"curies":[{"name":"wp","href":"https:\/\/api.w.org\/{rel}","templated":true}]}}