{"id":47384,"date":"2019-07-20T15:14:04","date_gmt":"2019-07-20T19:14:04","guid":{"rendered":"https:\/\/linitiative.ca\/International\/ligue-1-2-jsk-velud-on-doit-encore-travailler-notre-efficacite-offensive\/"},"modified":"2019-07-20T15:14:04","modified_gmt":"2019-07-20T19:14:04","slug":"ligue-1-2-jsk-velud-on-doit-encore-travailler-notre-efficacite-offensive","status":"publish","type":"post","link":"https:\/\/linitiative.ca\/International\/ligue-1-2-jsk-velud-on-doit-encore-travailler-notre-efficacite-offensive\/","title":{"rendered":"Ligue 1 &amp; 2 : JSK &#8211; Velud: \u00abOn doit encore travailler notre efficacit\u00e9 offensive\u00bb"},"content":{"rendered":"<div readability=\"32\">\n<p>Auteur : <span>S.D.<\/span> <span class=\"time\">samedi 20 juillet 2019 10:33<\/span><\/p>\n<\/div>\n<div id=\"post_core\" readability=\"73\">\n<p>A l\u2019issue des deux matchs amicaux, l\u2019entra\u00eeneur Hubert Velud a livr\u00e9 ses impressions concernant le rendement de son \u00e9quipe en d\u00e9clarant : \u00abJe pense qu\u2019on a r\u00e9alis\u00e9 deux bons matchs. Ce que je regrette le plus, c\u2019est le fait qu\u2019on ne soit pas arriv\u00e9s \u00e0 marquer beaucoup de buts. L\u2019efficacit\u00e9 offensive n\u2019a pas \u00e9t\u00e9 au rendez-vous malheureusement. On est toujours en stage de pr\u00e9paration, nous travaillerons beaucoup ce volet.\u00bb<\/p>\n<p><strong>\u00abLes deux matchs ont un double objectif\u00bb<\/strong><br \/>Le coach Velud a par la suite expliqu\u00e9 les deux principaux objectifs recherch\u00e9s en programmant deux matchs le m\u00eame jour : \u00abLes deux objectifs des matchs d\u2019aujourd\u2019hui, c\u2019est de donner du temps de jeu \u00e0 tout le monde. J\u2019ai un effectif riche, j\u2019ai besoin de conna\u00eetre tout le monde et chacun a besoin de gagner beaucoup de temps de jeu. Le deuxi\u00e8me objectif, c\u2019est de peaufiner davantage notre organisation de jeu. Je pense que l\u2019\u00e9quipe progresse beaucoup, c\u2019est le plus important.\u00bb<\/p>\n<p><strong>\u00abJe ne reproche rien \u00e0 mes attaquants\u00bb<\/strong><br \/>En d\u00e9pit du manque de r\u00e9alisme de ses attaquants, Velud estime que les joueurs ont r\u00e9alis\u00e9 un bon match : \u00abJe ne reproche rien \u00e0 mes joueurs, surtout les attaquants. Ils ont fourni beaucoup d\u2019efforts et construit des actions. Je suis largement satisfait.\u00bb<\/p>\n<p><strong>\u00abJe pr\u00e9f\u00e8re parler du collectif pour l\u2019instant\u00bb<\/strong><br \/>Interrog\u00e9 sur le rendement de certains joueurs qui est en nette progression, Velud affirme : \u00abC\u2019est s\u00fbr que durant ce stage estival, il y a bien des joueurs qui \u00e9mergent. Toutefois, le plus important pour le moment, c\u2019est le collectif. On fait tout pour renforcer les choses \u00e0 ce niveau-l\u00e0. Petit \u00e0 petit, le groupe se renforce au niveau des liens et de la solidarit\u00e9.\u00bb<\/p>\n<p><strong>\u00a0\u00abOn prendra une d\u00e9cision concernant Koanda aujourd\u2019hui\u00bb<\/strong><br \/>Pour conclure, Velud a affirm\u00e9 que jusqu\u2019\u00e0 hier soir, il n\u2019avait pas encore pris une d\u00e9cision d\u00e9finitive concernant le recrutement de l\u2019axial Koanda : \u00abSinc\u00e8rement, nous n\u2019avons rien d\u00e9cid\u00e9 pour le moment. Je n\u2019ai encore pas rencontr\u00e9 le pr\u00e9sident pour trancher. En principe, \u00e7a sera pour aujourd\u2019hui.\u00bb<br \/>\u00a0<\/p>\n<\/div>\n<p>Auteur:<br \/>\n<a href=\"http:\/\/www.lebuteur.com\/article\/detail?titre=jsk-velud-on-doit-encore-travailler-notre-efficacite-offensive&#038;id=90524&#038;utm_source=feedburner&#038;utm_medium=feed&#038;utm_campaign=Feed%3A+GalerieFArtciles+%28Les+derniers+articles++-+lebuteur.com%29\">Cliquez ici pour lire l&rsquo;article depuis sa source.<\/a><\/p>\n","protected":false},"excerpt":{"rendered":"<p>Auteur : S.D. samedi 20 juillet 2019 10:33 A l\u2019issue des deux matchs amicaux, l\u2019entra\u00eeneur Hubert Velud a livr\u00e9 ses impressions concernant le rendement de son \u00e9quipe en d\u00e9clarant : \u00abJe pense qu\u2019on a r\u00e9alis\u00e9 deux bons matchs. Ce que je regrette le plus, c\u2019est le fait qu\u2019on ne soit pas arriv\u00e9s \u00e0 marquer beaucoup [&hellip;]<\/p>\n","protected":false},"author":1738,"featured_media":47385,"comment_status":"closed","ping_status":"closed","sticky":false,"template":"","format":"standard","meta":{"fifu_image_url":"","fifu_image_alt":"","footnotes":""},"categories":[53,75],"tags":[],"class_list":["post-47384","post","type-post","status-publish","format-standard","has-post-thumbnail","hentry","category-algerie","category-sport"],"_links":{"self":[{"href":"https:\/\/linitiative.ca\/International\/wp-json\/wp\/v2\/posts\/47384","targetHints":{"allow":["GET"]}}],"collection":[{"href":"https:\/\/linitiative.ca\/International\/wp-json\/wp\/v2\/posts"}],"about":[{"href":"https:\/\/linitiative.ca\/International\/wp-json\/wp\/v2\/types\/post"}],"author":[{"embeddable":true,"href":"https:\/\/linitiative.ca\/International\/wp-json\/wp\/v2\/users\/1738"}],"replies":[{"embeddable":true,"href":"https:\/\/linitiative.ca\/International\/wp-json\/wp\/v2\/comments?post=47384"}],"version-history":[{"count":0,"href":"https:\/\/linitiative.ca\/International\/wp-json\/wp\/v2\/posts\/47384\/revisions"}],"wp:featuredmedia":[{"embeddable":true,"href":"https:\/\/linitiative.ca\/International\/wp-json\/"}],"wp:attachment":[{"href":"https:\/\/linitiative.ca\/International\/wp-json\/wp\/v2\/media?parent=47384"}],"wp:term":[{"taxonomy":"category","embeddable":true,"href":"https:\/\/linitiative.ca\/International\/wp-json\/wp\/v2\/categories?post=47384"},{"taxonomy":"post_tag","embeddable":true,"href":"https:\/\/linitiative.ca\/International\/wp-json\/wp\/v2\/tags?post=47384"}],"curies":[{"name":"wp","href":"https:\/\/api.w.org\/{rel}","templated":true}]}}