{"id":47386,"date":"2019-07-20T15:14:06","date_gmt":"2019-07-20T19:14:06","guid":{"rendered":"https:\/\/linitiative.ca\/International\/ligue-1-2-jsk-les-reservistes-sillustrent-et-avertissent-les-titulaires\/"},"modified":"2019-07-20T15:14:06","modified_gmt":"2019-07-20T19:14:06","slug":"ligue-1-2-jsk-les-reservistes-sillustrent-et-avertissent-les-titulaires","status":"publish","type":"post","link":"https:\/\/linitiative.ca\/International\/ligue-1-2-jsk-les-reservistes-sillustrent-et-avertissent-les-titulaires\/","title":{"rendered":"Ligue 1 &amp; 2 : JSK: Les r\u00e9servistes s\u2019illustrent et avertissent les titulaires"},"content":{"rendered":"<div readability=\"32\">\n<p>Auteur : <span>S.D.<\/span> <span class=\"time\">samedi 20 juillet 2019 10:33<\/span><\/p>\n<\/div>\n<div id=\"post_core\" readability=\"77\">\n<p>Hier, le stade annexe de Gabriel Montpied a abrit\u00e9 une rencontre amicale entre l\u2019\u00e9quipe r\u00e9serve de Clermont Foot et la JSK qui s\u2019est pr\u00e9sent\u00e9 \u00e9galement avec des rempla\u00e7ants. Lors de cette rencontre, le coach Velud a align\u00e9 une \u00e9quipe compl\u00e8tement diff\u00e9rente de celle qui a jou\u00e9 le premier match amical contre l\u2019EFC Fr\u00e9jus. Elle \u00e9tait compos\u00e9e essentiellement des rempla\u00e7ants, notamment les jeunes. Les Vert et Jaune ont arrach\u00e9 le match nul (1-1) apr\u00e8s avoir livr\u00e9e une belle partie sur tous les plans.<\/p>\n<p><strong>Clermont Foot ouvre la marque<\/strong><br \/>Bref, pour revenir au match, en premi\u00e8re p\u00e9riode, les locaux ont domin\u00e9 leur adversaire gr\u00e2ce \u00e0 une meilleure occupation du terrain et une bonne ma\u00eetrise de balle. Apr\u00e8s 8&prime; de jeu, l\u2019ailier droit de Clermont Foot, qui a \u00e9t\u00e9 l&rsquo;une des satisfactions de cette rencontre, d\u00e9marre du c\u00f4t\u00e9 droit et met deux d\u00e9fenseurs de la JSK dans le vent, avant de tirer \u00e0 limite de la surface et verra sa balle se loger dans les filets du gardien Hamdad, rest\u00e9 pantois (8\u2019).<\/p>\n<p><strong>Tafni remet les pendules \u00e0 l\u2019heure<\/strong><br \/>Piqu\u00e9 au vif, les joueurs kabyles r\u00e9agissent apr\u00e8s ce but inattendu, ils \u00e9taient plus mena\u00e7ants. Ils ont annonc\u00e9 la couleur en exer\u00e7ant un pressing constat sur leur adversaire \u00e0 telle enseigne que les d\u00e9bats \u00e9taient litt\u00e9ralement \u00e0 sens unique. C\u2019est en toute logique la JSK r\u00e9duise la marque par l\u2019interm\u00e9diaire de Tafni \u00e0 la 20\u2019 apr\u00e8s une belle combinaison entre trois joueurs. Et c\u2019est ainsi que se termine la premi\u00e8re p\u00e9riode.<\/p>\n<p><strong>Le gardien stoppe les assauts des Kabyles<\/strong><br \/>Apr\u00e8s la pause, les deux antagonistes reviennent avec une plus grande d\u00e9termination. Le match s\u2019intensifie. De part et d\u2019autre, on essaye de surprendre son vis-\u00e0-vis. Mais toutes les tentatives seront an\u00e9anties par les d\u00e9fenseurs. Durant pr\u00e8s d\u2019une demi-heure, le jeu est \u00e9quilibr\u00e9 et se stabilise au milieu du terrain, avec parfois un l\u00e9ger ascendant pour la JSK. A l\u2019heure de jeu, les Canaris jetteront toutes leurs forces dans la bataille \u00e0 la recherche de ce but de la victoire, mais buteront sur une solide d\u00e9fense et un gardien de Clermont.<\/p>\n<p><strong>Bencherifa rate \u00e0 deux reprises<\/strong><br \/>\u00a0On joue la 55\u2019 quand Bencherifa a failli trouver la faille n\u2019\u00e9tait l\u2019intervention du gardien de Clermont. Deux minutes plus tard, le m\u00eame joueur revient et a essaye un tir lointain, mais son tir capt\u00e9 par le gardien (57\u2019). Par la suite les deux \u00e9quipes vont se contenter de quelques incursions, mais sans grand danger. Et sur ce score de parit\u00e9 (1-1) qui s\u2019est achev\u00e9 cette rencontre.<br \/>\u00a0<\/p>\n<\/div>\n<p>Auteur:<br \/>\n<a href=\"http:\/\/www.lebuteur.com\/article\/detail?titre=jsk-les-reservistes-sillustrent-et-avertissent-les-titulaires&#038;id=90523&#038;utm_source=feedburner&#038;utm_medium=feed&#038;utm_campaign=Feed%3A+GalerieFArtciles+%28Les+derniers+articles++-+lebuteur.com%29\">Cliquez ici pour lire l&rsquo;article depuis sa source.<\/a><\/p>\n","protected":false},"excerpt":{"rendered":"<p>Auteur : S.D. samedi 20 juillet 2019 10:33 Hier, le stade annexe de Gabriel Montpied a abrit\u00e9 une rencontre amicale entre l\u2019\u00e9quipe r\u00e9serve de Clermont Foot et la JSK qui s\u2019est pr\u00e9sent\u00e9 \u00e9galement avec des rempla\u00e7ants. Lors de cette rencontre, le coach Velud a align\u00e9 une \u00e9quipe compl\u00e8tement diff\u00e9rente de celle qui a jou\u00e9 le [&hellip;]<\/p>\n","protected":false},"author":1738,"featured_media":47387,"comment_status":"closed","ping_status":"closed","sticky":false,"template":"","format":"standard","meta":{"fifu_image_url":"","fifu_image_alt":"","footnotes":""},"categories":[53,75],"tags":[],"class_list":["post-47386","post","type-post","status-publish","format-standard","has-post-thumbnail","hentry","category-algerie","category-sport"],"_links":{"self":[{"href":"https:\/\/linitiative.ca\/International\/wp-json\/wp\/v2\/posts\/47386","targetHints":{"allow":["GET"]}}],"collection":[{"href":"https:\/\/linitiative.ca\/International\/wp-json\/wp\/v2\/posts"}],"about":[{"href":"https:\/\/linitiative.ca\/International\/wp-json\/wp\/v2\/types\/post"}],"author":[{"embeddable":true,"href":"https:\/\/linitiative.ca\/International\/wp-json\/wp\/v2\/users\/1738"}],"replies":[{"embeddable":true,"href":"https:\/\/linitiative.ca\/International\/wp-json\/wp\/v2\/comments?post=47386"}],"version-history":[{"count":0,"href":"https:\/\/linitiative.ca\/International\/wp-json\/wp\/v2\/posts\/47386\/revisions"}],"wp:featuredmedia":[{"embeddable":true,"href":"https:\/\/linitiative.ca\/International\/wp-json\/"}],"wp:attachment":[{"href":"https:\/\/linitiative.ca\/International\/wp-json\/wp\/v2\/media?parent=47386"}],"wp:term":[{"taxonomy":"category","embeddable":true,"href":"https:\/\/linitiative.ca\/International\/wp-json\/wp\/v2\/categories?post=47386"},{"taxonomy":"post_tag","embeddable":true,"href":"https:\/\/linitiative.ca\/International\/wp-json\/wp\/v2\/tags?post=47386"}],"curies":[{"name":"wp","href":"https:\/\/api.w.org\/{rel}","templated":true}]}}