{"id":47388,"date":"2019-07-20T15:14:07","date_gmt":"2019-07-20T19:14:07","guid":{"rendered":"https:\/\/linitiative.ca\/International\/afrique-maroc-mohammed-vi-felicite-lalgerie\/"},"modified":"2019-07-20T15:14:07","modified_gmt":"2019-07-20T19:14:07","slug":"afrique-maroc-mohammed-vi-felicite-lalgerie","status":"publish","type":"post","link":"https:\/\/linitiative.ca\/International\/afrique-maroc-mohammed-vi-felicite-lalgerie\/","title":{"rendered":"Afrique : Maroc : Mohammed VI f\u00e9licite l&rsquo;Alg\u00e9rie"},"content":{"rendered":"<div readability=\"32\">\n<p>Auteur : <span class=\"time\">samedi 20 juillet 2019 11:21<\/span><\/p>\n<\/div>\n<div id=\"post_core\" readability=\"43\">\n<p>Le roi du Maroc Mohammed VI a chaudement f\u00e9licit\u00e9 l&rsquo;Alg\u00e9rie apr\u00e8s sa victoire en finale de la Coupe d&rsquo;Afrique des nations (CAN), \u00e0 travers un message adress\u00e9 au pr\u00e9sident par int\u00e9rim Abdelkader Bensalah :<\/p>\n<p>\u00ab\u00a0Il m\u2019est agr\u00e9able d\u2019exprimer au peuple alg\u00e9rien fr\u00e8re les f\u00e9licitations les plus chaleureuses pour cet exploit footballistique continental. En cette occasion historique, il m\u2019est agr\u00e9able de partager, en mon nom propre et au nom du peuple marocain, les sentiments de fiert\u00e9 de cet exploit m\u00e9rit\u00e9 avec le peuple alg\u00e9rien fr\u00e8re\u00a0\u00bb.<\/p>\n<p><strong>Publi\u00e9 dans :<\/strong> <span>maroc<\/span><\/p>\n<\/div>\n<p>Auteur:<br \/>\n<a href=\"http:\/\/www.lebuteur.com\/article\/detail?titre=maroc-mohammed-vi-felicite-lalgerie&#038;id=90538&#038;utm_source=feedburner&#038;utm_medium=feed&#038;utm_campaign=Feed%3A+GalerieFArtciles+%28Les+derniers+articles++-+lebuteur.com%29\">Cliquez ici pour lire l&rsquo;article depuis sa source.<\/a><\/p>\n","protected":false},"excerpt":{"rendered":"<p>Auteur : samedi 20 juillet 2019 11:21 Le roi du Maroc Mohammed VI a chaudement f\u00e9licit\u00e9 l&rsquo;Alg\u00e9rie apr\u00e8s sa victoire en finale de la Coupe d&rsquo;Afrique des nations (CAN), \u00e0 travers un message adress\u00e9 au pr\u00e9sident par int\u00e9rim Abdelkader Bensalah : \u00ab\u00a0Il m\u2019est agr\u00e9able d\u2019exprimer au peuple alg\u00e9rien fr\u00e8re les f\u00e9licitations les plus chaleureuses pour [&hellip;]<\/p>\n","protected":false},"author":1738,"featured_media":47389,"comment_status":"closed","ping_status":"closed","sticky":false,"template":"","format":"standard","meta":{"fifu_image_url":"","fifu_image_alt":"","footnotes":""},"categories":[53,75],"tags":[],"class_list":["post-47388","post","type-post","status-publish","format-standard","has-post-thumbnail","hentry","category-algerie","category-sport"],"_links":{"self":[{"href":"https:\/\/linitiative.ca\/International\/wp-json\/wp\/v2\/posts\/47388","targetHints":{"allow":["GET"]}}],"collection":[{"href":"https:\/\/linitiative.ca\/International\/wp-json\/wp\/v2\/posts"}],"about":[{"href":"https:\/\/linitiative.ca\/International\/wp-json\/wp\/v2\/types\/post"}],"author":[{"embeddable":true,"href":"https:\/\/linitiative.ca\/International\/wp-json\/wp\/v2\/users\/1738"}],"replies":[{"embeddable":true,"href":"https:\/\/linitiative.ca\/International\/wp-json\/wp\/v2\/comments?post=47388"}],"version-history":[{"count":0,"href":"https:\/\/linitiative.ca\/International\/wp-json\/wp\/v2\/posts\/47388\/revisions"}],"wp:featuredmedia":[{"embeddable":true,"href":"https:\/\/linitiative.ca\/International\/wp-json\/"}],"wp:attachment":[{"href":"https:\/\/linitiative.ca\/International\/wp-json\/wp\/v2\/media?parent=47388"}],"wp:term":[{"taxonomy":"category","embeddable":true,"href":"https:\/\/linitiative.ca\/International\/wp-json\/wp\/v2\/categories?post=47388"},{"taxonomy":"post_tag","embeddable":true,"href":"https:\/\/linitiative.ca\/International\/wp-json\/wp\/v2\/tags?post=47388"}],"curies":[{"name":"wp","href":"https:\/\/api.w.org\/{rel}","templated":true}]}}