{"id":47390,"date":"2019-07-20T15:14:08","date_gmt":"2019-07-20T19:14:08","guid":{"rendered":"https:\/\/linitiative.ca\/International\/equipe-dalgerie-en-une-ceremonie-est-prevue-apres-larrivee-des-verts-a-alger\/"},"modified":"2019-07-20T15:14:08","modified_gmt":"2019-07-20T19:14:08","slug":"equipe-dalgerie-en-une-ceremonie-est-prevue-apres-larrivee-des-verts-a-alger","status":"publish","type":"post","link":"https:\/\/linitiative.ca\/International\/equipe-dalgerie-en-une-ceremonie-est-prevue-apres-larrivee-des-verts-a-alger\/","title":{"rendered":"Equipe d&rsquo;Alg\u00e9rie : EN : Une c\u00e9r\u00e9monie est pr\u00e9vue apr\u00e8s l&rsquo;arriv\u00e9e des Verts \u00e0 Alger"},"content":{"rendered":"<div readability=\"32\">\n<p>Auteur : <span class=\"time\">samedi 20 juillet 2019 11:48<\/span><\/p>\n<\/div>\n<div id=\"post_core\" readability=\"41\">\n<p>Les Verts ont dessin\u00e9 une deuxi\u00e8me \u00e9toile sur leur maillot, en remportant le titre africain 29 ans apr\u00e8s celui de 1990. Et leur retour s&rsquo;annonce triomphal.\u00a0C&rsquo;est \u00e0 l&rsquo;a\u00e9roport d&rsquo;Alger Houari-Boumedi\u00e8ne que les h\u00e9ros alg\u00e9riens vont atterrir \u00e0 14h00, o\u00f9 une c\u00e9r\u00e9monie leur sera r\u00e9serv\u00e9e, selon une source gouvernementale.\u00a0Au programme \u00e9galement, un \u00ab\u00a0d\u00e9jeuner officiel\u00a0\u00bb au Centre international de conf\u00e9rences d&rsquo;Alger, en l&rsquo;honneur des joueurs et du staff, avec \u00e0 sa t\u00eate le s\u00e9lectionneur Djamel Belmadi.\u00a0<\/p>\n<p><strong>Publi\u00e9 dans :<\/strong> <span>algerie<\/span><\/p>\n<\/div>\n<p>Auteur:<br \/>\n<a href=\"http:\/\/www.lebuteur.com\/article\/detail?titre=en-une-ceremonie-est-prevue-apres-larrivee-des-verts-a-alger&#038;id=90539&#038;utm_source=feedburner&#038;utm_medium=feed&#038;utm_campaign=Feed%3A+GalerieFArtciles+%28Les+derniers+articles++-+lebuteur.com%29\">Cliquez ici pour lire l&rsquo;article depuis sa source.<\/a><\/p>\n","protected":false},"excerpt":{"rendered":"<p>Auteur : samedi 20 juillet 2019 11:48 Les Verts ont dessin\u00e9 une deuxi\u00e8me \u00e9toile sur leur maillot, en remportant le titre africain 29 ans apr\u00e8s celui de 1990. Et leur retour s&rsquo;annonce triomphal.\u00a0C&rsquo;est \u00e0 l&rsquo;a\u00e9roport d&rsquo;Alger Houari-Boumedi\u00e8ne que les h\u00e9ros alg\u00e9riens vont atterrir \u00e0 14h00, o\u00f9 une c\u00e9r\u00e9monie leur sera r\u00e9serv\u00e9e, selon une source gouvernementale.\u00a0Au [&hellip;]<\/p>\n","protected":false},"author":1738,"featured_media":47391,"comment_status":"closed","ping_status":"closed","sticky":false,"template":"","format":"standard","meta":{"fifu_image_url":"","fifu_image_alt":"","footnotes":""},"categories":[53,75],"tags":[],"class_list":["post-47390","post","type-post","status-publish","format-standard","has-post-thumbnail","hentry","category-algerie","category-sport"],"_links":{"self":[{"href":"https:\/\/linitiative.ca\/International\/wp-json\/wp\/v2\/posts\/47390","targetHints":{"allow":["GET"]}}],"collection":[{"href":"https:\/\/linitiative.ca\/International\/wp-json\/wp\/v2\/posts"}],"about":[{"href":"https:\/\/linitiative.ca\/International\/wp-json\/wp\/v2\/types\/post"}],"author":[{"embeddable":true,"href":"https:\/\/linitiative.ca\/International\/wp-json\/wp\/v2\/users\/1738"}],"replies":[{"embeddable":true,"href":"https:\/\/linitiative.ca\/International\/wp-json\/wp\/v2\/comments?post=47390"}],"version-history":[{"count":0,"href":"https:\/\/linitiative.ca\/International\/wp-json\/wp\/v2\/posts\/47390\/revisions"}],"wp:featuredmedia":[{"embeddable":true,"href":"https:\/\/linitiative.ca\/International\/wp-json\/"}],"wp:attachment":[{"href":"https:\/\/linitiative.ca\/International\/wp-json\/wp\/v2\/media?parent=47390"}],"wp:term":[{"taxonomy":"category","embeddable":true,"href":"https:\/\/linitiative.ca\/International\/wp-json\/wp\/v2\/categories?post=47390"},{"taxonomy":"post_tag","embeddable":true,"href":"https:\/\/linitiative.ca\/International\/wp-json\/wp\/v2\/tags?post=47390"}],"curies":[{"name":"wp","href":"https:\/\/api.w.org\/{rel}","templated":true}]}}