{"id":47396,"date":"2019-07-20T15:14:13","date_gmt":"2019-07-20T19:14:13","guid":{"rendered":"https:\/\/linitiative.ca\/International\/equipe-dalgerie-lavion-de-la-selection-senegalaise-fait-escale-en-algerie\/"},"modified":"2019-07-20T15:14:13","modified_gmt":"2019-07-20T19:14:13","slug":"equipe-dalgerie-lavion-de-la-selection-senegalaise-fait-escale-en-algerie","status":"publish","type":"post","link":"https:\/\/linitiative.ca\/International\/equipe-dalgerie-lavion-de-la-selection-senegalaise-fait-escale-en-algerie\/","title":{"rendered":"Equipe d&rsquo;Alg\u00e9rie : L\u2019avion de la s\u00e9lection s\u00e9n\u00e9galaise fait escale en Alg\u00e9rie"},"content":{"rendered":"<div readability=\"32\">\n<p>Auteur : <span class=\"time\">samedi 20 juillet 2019 18:39<\/span><\/p>\n<\/div>\n<div id=\"post_core\" readability=\"39\">\n<p>L\u2019avion, transportant les Lions de la Teranga du Caire \u00e0 Dakar, a fait aujourd\u2019hui une escale technique \u00e0\u00a0 l\u2019a\u00e9roport de Gharda\u00efa en Alg\u00e9rie. Apr\u00e8s avoir fait le plein de carburant, l\u2019avion a red\u00e9coll\u00e9 pour rejoindre la capitale s\u00e9n\u00e9galaise. Des agents de la compagnie nationale, Air Alg\u00e9rie ont profit\u00e9 de l\u2019occasion pour prendre des photos souvenirs avec Aliou Ciss\u00e9 et certains joueurs S\u00e9n\u00e9galais.<\/p>\n<p><strong>Publi\u00e9 dans :<\/strong> <span>algerie<\/span><\/p>\n<\/div>\n<p>Auteur:<br \/>\n<a href=\"http:\/\/www.lebuteur.com\/article\/detail?titre=lavion-de-la-selection-senegalaise-fait-escale-en-algerie&#038;id=90542&#038;utm_source=feedburner&#038;utm_medium=feed&#038;utm_campaign=Feed%3A+GalerieFArtciles+%28Les+derniers+articles++-+lebuteur.com%29\">Cliquez ici pour lire l&rsquo;article depuis sa source.<\/a><\/p>\n","protected":false},"excerpt":{"rendered":"<p>Auteur : samedi 20 juillet 2019 18:39 L\u2019avion, transportant les Lions de la Teranga du Caire \u00e0 Dakar, a fait aujourd\u2019hui une escale technique \u00e0\u00a0 l\u2019a\u00e9roport de Gharda\u00efa en Alg\u00e9rie. Apr\u00e8s avoir fait le plein de carburant, l\u2019avion a red\u00e9coll\u00e9 pour rejoindre la capitale s\u00e9n\u00e9galaise. Des agents de la compagnie nationale, Air Alg\u00e9rie ont profit\u00e9 [&hellip;]<\/p>\n","protected":false},"author":1738,"featured_media":47397,"comment_status":"closed","ping_status":"closed","sticky":false,"template":"","format":"standard","meta":{"fifu_image_url":"","fifu_image_alt":"","footnotes":""},"categories":[53,75],"tags":[],"class_list":["post-47396","post","type-post","status-publish","format-standard","has-post-thumbnail","hentry","category-algerie","category-sport"],"_links":{"self":[{"href":"https:\/\/linitiative.ca\/International\/wp-json\/wp\/v2\/posts\/47396","targetHints":{"allow":["GET"]}}],"collection":[{"href":"https:\/\/linitiative.ca\/International\/wp-json\/wp\/v2\/posts"}],"about":[{"href":"https:\/\/linitiative.ca\/International\/wp-json\/wp\/v2\/types\/post"}],"author":[{"embeddable":true,"href":"https:\/\/linitiative.ca\/International\/wp-json\/wp\/v2\/users\/1738"}],"replies":[{"embeddable":true,"href":"https:\/\/linitiative.ca\/International\/wp-json\/wp\/v2\/comments?post=47396"}],"version-history":[{"count":0,"href":"https:\/\/linitiative.ca\/International\/wp-json\/wp\/v2\/posts\/47396\/revisions"}],"wp:featuredmedia":[{"embeddable":true,"href":"https:\/\/linitiative.ca\/International\/wp-json\/"}],"wp:attachment":[{"href":"https:\/\/linitiative.ca\/International\/wp-json\/wp\/v2\/media?parent=47396"}],"wp:term":[{"taxonomy":"category","embeddable":true,"href":"https:\/\/linitiative.ca\/International\/wp-json\/wp\/v2\/categories?post=47396"},{"taxonomy":"post_tag","embeddable":true,"href":"https:\/\/linitiative.ca\/International\/wp-json\/wp\/v2\/tags?post=47396"}],"curies":[{"name":"wp","href":"https:\/\/api.w.org\/{rel}","templated":true}]}}