{"id":47398,"date":"2019-07-20T15:14:15","date_gmt":"2019-07-20T19:14:15","guid":{"rendered":"https:\/\/linitiative.ca\/International\/equipe-dalgerie-6-algeriens-dans-lequipe-type-france-football-de-la-can\/"},"modified":"2019-07-20T15:14:15","modified_gmt":"2019-07-20T19:14:15","slug":"equipe-dalgerie-6-algeriens-dans-lequipe-type-france-football-de-la-can","status":"publish","type":"post","link":"https:\/\/linitiative.ca\/International\/equipe-dalgerie-6-algeriens-dans-lequipe-type-france-football-de-la-can\/","title":{"rendered":"Equipe d&rsquo;Alg\u00e9rie : 6 Alg\u00e9riens dans l\u2019\u00e9quipe-type France Football de la CAN"},"content":{"rendered":"<div readability=\"32\">\n<p>Auteur : <span class=\"time\">samedi 20 juillet 2019 18:40<\/span><\/p>\n<\/div>\n<div id=\"post_core\" readability=\"58\">\n<p>Les joueurs de l\u2019EN ont domin\u00e9 l\u2019\u00e9quipe-type de la CAN 2019 r\u00e9alis\u00e9e par le m\u00e9dia fran\u00e7ais, France Football. Alors que les Verts s\u2019\u00e9taient impos\u00e9s avec brio (1-0) hier soir au Cairo Stadium en finale de la CAN, les joueurs de l\u2019EN sont pr\u00e9sents en force dans l\u2019\u00e9quipe-type de la comp\u00e9tition. C\u2019est ainsi que six joueurs Alg\u00e9riens figurent dans ce onze-type de la CAN r\u00e9alis\u00e9 par France Football. Il s\u2019agit de Ra\u00efs M&rsquo;Bolhi, A\u00efssa Mandi, Djamel Benlamri, Isma\u00ebl Bennacer, Riyad Mahrez et Youcef Bela\u00efli.<\/p>\n<p>Voici l\u2019\u00e9quipe-type de la CAN de France Football:<\/p>\n<p>Ra\u00efs M&rsquo;Bolhi (Alg\u00e9rie), Romain M\u00e9tanire (Madagascar), A\u00efssa Mandi (Alg\u00e9rie), Djamel Benlamri (Alg\u00e9rie), Youssouf Sabaly (S\u00e9n\u00e9gal), Ibrahim Amada (Madagascar), Geoffroy Serey Di\u00e9 (C\u00f4te d&rsquo;Ivoire), Isma\u00ebl Bennacer (Alg\u00e9rie), Riyad Mahrez (Alg\u00e9rie), Youcef Bela\u00efli (Alg\u00e9rie), Isma\u00efla Sarr (S\u00e9n\u00e9gal).<\/p>\n<p><strong>Publi\u00e9 dans :<\/strong> <span>can<\/span><\/p>\n<\/div>\n<p>Auteur:<br \/>\n<a href=\"http:\/\/www.lebuteur.com\/article\/detail?titre=6-algeriens-dans-lequipe-type-france-football-de-la-can&#038;id=90543&#038;utm_source=feedburner&#038;utm_medium=feed&#038;utm_campaign=Feed%3A+GalerieFArtciles+%28Les+derniers+articles++-+lebuteur.com%29\">Cliquez ici pour lire l&rsquo;article depuis sa source.<\/a><\/p>\n","protected":false},"excerpt":{"rendered":"<p>Auteur : samedi 20 juillet 2019 18:40 Les joueurs de l\u2019EN ont domin\u00e9 l\u2019\u00e9quipe-type de la CAN 2019 r\u00e9alis\u00e9e par le m\u00e9dia fran\u00e7ais, France Football. Alors que les Verts s\u2019\u00e9taient impos\u00e9s avec brio (1-0) hier soir au Cairo Stadium en finale de la CAN, les joueurs de l\u2019EN sont pr\u00e9sents en force dans l\u2019\u00e9quipe-type de [&hellip;]<\/p>\n","protected":false},"author":1738,"featured_media":47399,"comment_status":"closed","ping_status":"closed","sticky":false,"template":"","format":"standard","meta":{"fifu_image_url":"","fifu_image_alt":"","footnotes":""},"categories":[53,75],"tags":[],"class_list":["post-47398","post","type-post","status-publish","format-standard","has-post-thumbnail","hentry","category-algerie","category-sport"],"_links":{"self":[{"href":"https:\/\/linitiative.ca\/International\/wp-json\/wp\/v2\/posts\/47398","targetHints":{"allow":["GET"]}}],"collection":[{"href":"https:\/\/linitiative.ca\/International\/wp-json\/wp\/v2\/posts"}],"about":[{"href":"https:\/\/linitiative.ca\/International\/wp-json\/wp\/v2\/types\/post"}],"author":[{"embeddable":true,"href":"https:\/\/linitiative.ca\/International\/wp-json\/wp\/v2\/users\/1738"}],"replies":[{"embeddable":true,"href":"https:\/\/linitiative.ca\/International\/wp-json\/wp\/v2\/comments?post=47398"}],"version-history":[{"count":0,"href":"https:\/\/linitiative.ca\/International\/wp-json\/wp\/v2\/posts\/47398\/revisions"}],"wp:featuredmedia":[{"embeddable":true,"href":"https:\/\/linitiative.ca\/International\/wp-json\/"}],"wp:attachment":[{"href":"https:\/\/linitiative.ca\/International\/wp-json\/wp\/v2\/media?parent=47398"}],"wp:term":[{"taxonomy":"category","embeddable":true,"href":"https:\/\/linitiative.ca\/International\/wp-json\/wp\/v2\/categories?post=47398"},{"taxonomy":"post_tag","embeddable":true,"href":"https:\/\/linitiative.ca\/International\/wp-json\/wp\/v2\/tags?post=47398"}],"curies":[{"name":"wp","href":"https:\/\/api.w.org\/{rel}","templated":true}]}}