{"id":47402,"date":"2019-07-20T15:14:17","date_gmt":"2019-07-20T19:14:17","guid":{"rendered":"https:\/\/linitiative.ca\/International\/international-lemouvant-message-de-zidane-a-la-selection-algerienne-apres-son-triomphe-a-la-can\/"},"modified":"2019-07-20T15:14:17","modified_gmt":"2019-07-20T19:14:17","slug":"international-lemouvant-message-de-zidane-a-la-selection-algerienne-apres-son-triomphe-a-la-can","status":"publish","type":"post","link":"https:\/\/linitiative.ca\/International\/international-lemouvant-message-de-zidane-a-la-selection-algerienne-apres-son-triomphe-a-la-can\/","title":{"rendered":"International : L\u2019\u00e9mouvant message de Zidane \u00e0 la s\u00e9lection Alg\u00e9rienne apr\u00e8s son triomphe \u00e0 la CAN"},"content":{"rendered":"<div readability=\"32\">\n<p>Auteur : <span class=\"time\">samedi 20 juillet 2019 19:38<\/span><\/p>\n<\/div>\n<div id=\"post_core\" readability=\"47\">\n<p>L\u2019Alg\u00e9rie a \u00e9t\u00e9 couronn\u00e9e vendredi champion d\u2019Afrique \u00e0 la suite de sa victoire en finale de la CAN contre le S\u00e9n\u00e9gal. Un triomphe historique et pour lequel Djamel Belmadi et ses hommes ont \u00e9t\u00e9 congratul\u00e9s de toute part. Ce samedi, et alors qu\u2019ils \u00e9taient dans les rues d\u2019Alg\u00e9rie pour la parade post-triomphe, ils ont re\u00e7u les f\u00e9licitations d\u2019un fan assez particulier. Un certain Zinedine Zidane s\u2019est adress\u00e9 \u00e0 eux pour leur rendre hommage \u00e0 la suite du parcours accompli en Egypte. Tout en applaudissant les Verts, Zidane a salu\u00e9 la m\u00e9moire de son Farid, d\u00e9c\u00e9d\u00e9 il y a quelques jours et dont il a assist\u00e9 aux obs\u00e8ques apr\u00e8s avoir quitt\u00e9 son club merengue en pleine tourn\u00e9e:\u00a0\u00abMon grand fr\u00e8re Farid doit \u00eatre fier. F\u00e9licitations \u00e0 l\u2019\u00e9quipe d\u2019Alg\u00e9rie ! One, Two, Three\u2026 Viva l\u2019Alg\u00e9rie. Je vais continuer \u00e0 faire briller son \u00e9toile, tous les jours de ma vie.\u00bb, a-t-il \u00e9crit, en adjoignant \u00e0 sa publication deux \u00e9toiles en forme d\u2019emojis, et aussi un c\u0153ur noir en parlant de son regrett\u00e9 fr\u00e8re rapporte Goal.<\/p>\n<p><img decoding=\"async\" alt=\"\" src=\"https:\/\/scontent-mrs2-1.xx.fbcdn.net\/v\/t1.0-9\/67306163_2311889112194321_806975113118351360_n.jpg?_nc_cat=111&#038;_nc_oc=AQmgeP-IVscC4rxSaEjSuCtE65ft6HUfHmXlJGoq5xsx-wyP06Z2TqIZgIHhMM2Czds&#038;_nc_ht=scontent-mrs2-1.xx&#038;oh=7e5297c46ad05a64225b42c309814ead&#038;oe=5DA2B640\" class=\"c1\"\/><\/p>\n<p><strong>Publi\u00e9 dans :<\/strong> <span>Zidane<\/span> <span>can<\/span><\/p>\n<\/div>\n<p>Auteur:<br \/>\n<a href=\"http:\/\/www.lebuteur.com\/article\/detail?titre=lemouvant-message-de-zidane-a-la-selection-algerienne-apres-son-triomphe-a-la-can&#038;id=90545&#038;utm_source=feedburner&#038;utm_medium=feed&#038;utm_campaign=Feed%3A+GalerieFArtciles+%28Les+derniers+articles++-+lebuteur.com%29\">Cliquez ici pour lire l&rsquo;article depuis sa source.<\/a><\/p>\n","protected":false},"excerpt":{"rendered":"<p>Auteur : samedi 20 juillet 2019 19:38 L\u2019Alg\u00e9rie a \u00e9t\u00e9 couronn\u00e9e vendredi champion d\u2019Afrique \u00e0 la suite de sa victoire en finale de la CAN contre le S\u00e9n\u00e9gal. Un triomphe historique et pour lequel Djamel Belmadi et ses hommes ont \u00e9t\u00e9 congratul\u00e9s de toute part. Ce samedi, et alors qu\u2019ils \u00e9taient dans les rues d\u2019Alg\u00e9rie [&hellip;]<\/p>\n","protected":false},"author":1738,"featured_media":0,"comment_status":"closed","ping_status":"closed","sticky":false,"template":"","format":"standard","meta":{"fifu_image_url":"","fifu_image_alt":"","footnotes":""},"categories":[53,75],"tags":[],"class_list":["post-47402","post","type-post","status-publish","format-standard","hentry","category-algerie","category-sport"],"_links":{"self":[{"href":"https:\/\/linitiative.ca\/International\/wp-json\/wp\/v2\/posts\/47402","targetHints":{"allow":["GET"]}}],"collection":[{"href":"https:\/\/linitiative.ca\/International\/wp-json\/wp\/v2\/posts"}],"about":[{"href":"https:\/\/linitiative.ca\/International\/wp-json\/wp\/v2\/types\/post"}],"author":[{"embeddable":true,"href":"https:\/\/linitiative.ca\/International\/wp-json\/wp\/v2\/users\/1738"}],"replies":[{"embeddable":true,"href":"https:\/\/linitiative.ca\/International\/wp-json\/wp\/v2\/comments?post=47402"}],"version-history":[{"count":0,"href":"https:\/\/linitiative.ca\/International\/wp-json\/wp\/v2\/posts\/47402\/revisions"}],"wp:attachment":[{"href":"https:\/\/linitiative.ca\/International\/wp-json\/wp\/v2\/media?parent=47402"}],"wp:term":[{"taxonomy":"category","embeddable":true,"href":"https:\/\/linitiative.ca\/International\/wp-json\/wp\/v2\/categories?post=47402"},{"taxonomy":"post_tag","embeddable":true,"href":"https:\/\/linitiative.ca\/International\/wp-json\/wp\/v2\/tags?post=47402"}],"curies":[{"name":"wp","href":"https:\/\/api.w.org\/{rel}","templated":true}]}}