{"id":47404,"date":"2019-07-19T19:00:00","date_gmt":"2019-07-19T23:00:00","guid":{"rendered":"https:\/\/linitiative.ca\/International\/france-une-fan-zone-pour-les-supporters\/"},"modified":"2019-07-19T19:00:00","modified_gmt":"2019-07-19T23:00:00","slug":"france-une-fan-zone-pour-les-supporters","status":"publish","type":"post","link":"https:\/\/linitiative.ca\/International\/france-une-fan-zone-pour-les-supporters\/","title":{"rendered":"France  :  une fan-zone pour les supporters"},"content":{"rendered":"<p>Une fan-zone est organis\u00e9e hier soir pour les membres de la communaut\u00e9 alg\u00e9rienne sur le parvis de l&rsquo;Institut du monde arabe \u00e0 Paris qui retransmet en direct la finale.<br \/>Cette fan-zone, qui est organis\u00e9e en partenariat avec l\u2019ambassade d\u2019Alg\u00e9rie, est \u00e9galement ouverte aux supporters arabes, a-t-on appris jeudi des organisateurs.<br \/>L\u2019Institut du monde arabe a assur\u00e9, dans ses locaux, la diffusion de plusieurs matchs disput\u00e9s dans le cadre de la CAN \u00c9gypte-2019, notamment lorsqu&rsquo;un pays arabe du continent africain est concern\u00e9, rappelle-t-on.<br \/>Mais, cette fois-ci, afin de contenir une large participation, environ 4.000 places, l&rsquo;IMA a r\u00e9serv\u00e9 son parvis \u00e0 cette finale qui s&rsquo;annonce de tr\u00e8s haute facture.<br \/>Pour assister \u00e0 cette retransmission en direct, les participants devaient s&rsquo;inscrire, gratuitement, \u00e0 travers le site web de l&rsquo;IMA ou sa page Facebook.<br \/>Une exposition sur le football et le monde arabe se tient \u00e0 l&rsquo;IMA, depuis le 10 avril dernier, avec un hommage particulier au football alg\u00e9rien, \u00e0 travers l&rsquo;histoire de la mythique \u00e9quipe du FLN (1958-1962) et l&rsquo;\u00e9pop\u00e9e de la s\u00e9lection alg\u00e9rienne de 1982. Cette exposition sera cl\u00f4tur\u00e9e, dimanche prochain.<\/p>\n<p><strong>Respect des valeurs du sport<\/strong><\/p>\n<p>Le ministre fran\u00e7ais de l\u2019Int\u00e9rieur, Christophe Castaner, a appel\u00e9 hier au respect des \u00abvaleurs du sport\u00bb. Cet appel intervient dans le cadre des manifestations de joie des supporters qui doivent suivre en France juste apr\u00e8s la fin du match de finale de la CAN 2019, afin d&rsquo;\u00e9viter des heurts et des d\u00e9bordements entre les forces de s\u00e9curit\u00e9 et les supporters. Plusieurs \u00e9chauffour\u00e9es et heurts se sont produits en marge de la c\u00e9l\u00e9bration de la victoire de l&rsquo;Alg\u00e9rie contre le Nigeria, le 14 juillet dernier, qui se sont sold\u00e9s par l&rsquo;interpellation de 282 personnes dans toute la France.<br \/>Dans toutes les manifestations de joie des supporters alg\u00e9riens en France, dans le cadre de la CAN 2019, des groupes de casseurs et de black-blocs en ont profit\u00e9 pour semer des troubles, rappelle-t-on. \u00abUne \u00e9quipe gagnera, une \u00e9quipe perdra, mais le sport doit gagner dans tous les cas, et donc le sport implique des notions de respect, des notions de valeur qui doivent rassembler, en aucun cas des notions de violence\u00bb, a dit le ministre fran\u00e7ais \u00e0 la presse en marge d&rsquo;un d\u00e9placement \u00e0 Mainvilliers (Eure-et-Loir), regrettant des comportements \u00abtotalement inacceptables\u00bb. Par ailleurs, il a appr\u00e9ci\u00e9 l&rsquo;appel des footballeurs, notamment celui des joueurs de l&rsquo;\u00e9quipe nationale alg\u00e9rienne, aux supporters d&rsquo;exprimer leur joie dans le calme. La pr\u00e9fecture des Alpes-Maritimes a annonc\u00e9 l&rsquo;interdiction des rassemblements de supporters \u00e0 Nice et Cannes. D&rsquo;importantes mesures de s\u00e9curit\u00e9 ont \u00e9t\u00e9 prises par les autorit\u00e9s fran\u00e7aises avec le renforcement du dispositif de 2500 policiers suppl\u00e9mentaires. \u00abUn dispositif de protection des fa\u00e7ades de b\u00e2timents et de commerces et d\u2019encadrement sera mis en place sur toute la longueur de l\u2019axe Concorde, Tuileries et Porte Maillot\u00bb, a indiqu\u00e9 le pr\u00e9fet de police de Paris Didier Lallement, pr\u00e9cisant que des effectifs suppl\u00e9mentaires seront affect\u00e9s dans d\u2019autres quartiers de Paris, dont notamment Saint-Denis et Barb\u00e8s. Pour le m\u00eame pr\u00e9fet, \u00abcette manifestation de joie doit rester ce qu&rsquo;elle est, une manifestation de joie\u00bb. A Lyon, les autorit\u00e9s ont \u00e9galement muscl\u00e9 les mesures de pr\u00e9caution afin de parer \u00e0 tout d\u00e9bordement, en interdisant l\u2019usage de p\u00e9tards et la consommation d&rsquo;alcool dans les rues. Les m\u00eames autorit\u00e9s ont pris la d\u00e9cision de retirer les silos \u00e0 verre et poubelles, dans certains quartiers, qui pourraient \u00eatre utilis\u00e9s par les casseurs lors des d\u00e9bordements. Dans le d\u00e9partement de l&rsquo;Ain, limitrophe de Lyon, la pr\u00e9fecture a interdit \u00e0 tout individu \u00abde \u00abse cacher le visage ou d&rsquo;avoir des \u00e9quipements destin\u00e9s \u00e0 mettre en \u00e9chec les moyens utilis\u00e9s par les forces de l&rsquo;ordre\u00bb. Plusieurs centaines de policiers, gendarmes et militaires seront mobilis\u00e9s dans la r\u00e9gion des Alpes-Maritimes, notamment \u00e0 Nice, Cannes ou Antibes.<br \/>La pr\u00e9fecture vient d&rsquo;annoncer l&rsquo;interdiction des rassemblements. Ce dispositif exceptionnel est renforc\u00e9 des policiers municipaux, a-t-on indiqu\u00e9, seront aussi d\u00e9p\u00each\u00e9s sur le terrain. Dans la Vienne (Poitiers), il sera interdit d&rsquo;utiliser des feux d&rsquo;artifice jusqu&rsquo;\u00e0 samedi, alors que dans le d\u00e9partement du Gard (Montpellier), les autorit\u00e9s ont interdit la vente du carburant dans des contenants dans plusieurs villes. A Tours, la circulation et le stationnement seront interdits dans le centre-ville, alors qu&rsquo;\u00e0 Marseille, 350 membres des forces de l\u2019ordre\u00a0 seront d\u00e9ploy\u00e9s pour contrer d&rsquo;\u00e9ventuels d\u00e9passements. Dans le Nord-Est, \u00e0 Strasbourg, la pr\u00e9fecture a d\u00fb annuler un concert de musique pr\u00e9vu hier soir \u00aben raison d\u2019autres manifestations sur l\u2019espace public li\u00e9 notamment au r\u00e9sultat de la finale de la coupe d\u2019Afrique des nations\u00bb.<br \/>\u00a0<\/p>\n<p>Auteur: elmoudjahid<br \/>\n<a href=\"http:\/\/www.elmoudjahid.com\/fr\/actualites\/139503\">Cliquez ici pour lire l&rsquo;article depuis sa source.<\/a><\/p>\n","protected":false},"excerpt":{"rendered":"<p>Une fan-zone est organis\u00e9e hier soir pour les membres de la communaut\u00e9 alg\u00e9rienne sur le parvis de l&rsquo;Institut du monde arabe \u00e0 Paris qui retransmet en direct la finale.Cette fan-zone, qui est organis\u00e9e en partenariat avec l\u2019ambassade d\u2019Alg\u00e9rie, est \u00e9galement ouverte aux supporters arabes, a-t-on appris jeudi des organisateurs.L\u2019Institut du monde arabe a assur\u00e9, dans [&hellip;]<\/p>\n","protected":false},"author":1744,"featured_media":0,"comment_status":"closed","ping_status":"closed","sticky":false,"template":"","format":"standard","meta":{"fifu_image_url":"","fifu_image_alt":"","footnotes":""},"categories":[73,53],"tags":[],"class_list":["post-47404","post","type-post","status-publish","format-standard","hentry","category-actualite","category-algerie"],"_links":{"self":[{"href":"https:\/\/linitiative.ca\/International\/wp-json\/wp\/v2\/posts\/47404","targetHints":{"allow":["GET"]}}],"collection":[{"href":"https:\/\/linitiative.ca\/International\/wp-json\/wp\/v2\/posts"}],"about":[{"href":"https:\/\/linitiative.ca\/International\/wp-json\/wp\/v2\/types\/post"}],"author":[{"embeddable":true,"href":"https:\/\/linitiative.ca\/International\/wp-json\/wp\/v2\/users\/1744"}],"replies":[{"embeddable":true,"href":"https:\/\/linitiative.ca\/International\/wp-json\/wp\/v2\/comments?post=47404"}],"version-history":[{"count":0,"href":"https:\/\/linitiative.ca\/International\/wp-json\/wp\/v2\/posts\/47404\/revisions"}],"wp:attachment":[{"href":"https:\/\/linitiative.ca\/International\/wp-json\/wp\/v2\/media?parent=47404"}],"wp:term":[{"taxonomy":"category","embeddable":true,"href":"https:\/\/linitiative.ca\/International\/wp-json\/wp\/v2\/categories?post=47404"},{"taxonomy":"post_tag","embeddable":true,"href":"https:\/\/linitiative.ca\/International\/wp-json\/wp\/v2\/tags?post=47404"}],"curies":[{"name":"wp","href":"https:\/\/api.w.org\/{rel}","templated":true}]}}