{"id":47405,"date":"2019-07-19T19:00:00","date_gmt":"2019-07-19T23:00:00","guid":{"rendered":"https:\/\/linitiative.ca\/International\/sidi-bel-abbes-un-vendredi-pas-comme-les-autres\/"},"modified":"2019-07-19T19:00:00","modified_gmt":"2019-07-19T23:00:00","slug":"sidi-bel-abbes-un-vendredi-pas-comme-les-autres","status":"publish","type":"post","link":"https:\/\/linitiative.ca\/International\/sidi-bel-abbes-un-vendredi-pas-comme-les-autres\/","title":{"rendered":"Sidi Bel-Abb\u00e8s :  Un vendredi pas comme les autres"},"content":{"rendered":"<p>Le temps s\u2019est momentan\u00e9ment arr\u00eat\u00e9 hier \u00e0 Sidi Bel-Abb\u00e8s \u00e0 l\u2019instar du reste du pays pour que tout se braque sur la capitale des Pharaons et se focalise sur cette chaude empoignade avec l\u2019espoir de d\u00e9crocher ce troph\u00e9e et arracher cette deuxi\u00e8me \u00e9toiler \u00e0 partir pratiquement de 17 heures, les art\u00e8res et avenues se sont vid\u00e9es pour qu\u2019un silence pesant pr\u00e9vaut au niveau de la cit\u00e9 de la Mekkerra dont la population s\u2019est accommod\u00e9e avec le d\u00e9cor pour se concentrer sur le rendez-vous. A l\u2019ecoute, elle vibrait au rythme des mouvements des Mahrez and-Co et suivait les informations parvenues du Caire.<br \/>Tout a \u00e9t\u00e9 rel\u00e9gu\u00e9 au dernier plan au vu de l\u2019importance de cette confrontation africaine ultime et \u00e9vocatrice d\u2019une somme d\u2019efforts et de sacrifices d\u2019une g\u00e9n\u00e9ration de footballeurs devenue un rep\u00e8re de la jeunesse alg\u00e9rienne. Un rep\u00e8re de l\u2019union et de la solidarit\u00e9 du peuple dans toute sa diversit\u00e9. Aussi longue soit-elle, cette pause dissimulait en fait les pr\u00e9paratifs men\u00e9s parall\u00e8lement pour f\u00eater la cons\u00e9cration.<br \/>Au complexe du 24 f\u00e9vrier, tout a \u00e9t\u00e9 mis en place pour suivre les p\u00e9rip\u00e9ties de cette empoignade et vivre dans la convivialit\u00e9 sa passion. Des familles se sont d\u00e9plac\u00e9es pour prendre place dans les gradins de ce complexe et partager ces grands moments de bonheur et de joie que seul le sport-roi peut procurer. Un vendredi vraiment pas comme les autres pour rester grav\u00e9 dans la m\u00e9moire de la collectivit\u00e9 nationale qui se souviendra longtemps sans doute des exploits et des performances de notre Onze national ayant donn\u00e9 du baume au c\u0153ur au commun des Alg\u00e9riens.<br \/>De l\u2019angoisse donc durant cet apr\u00e8s-midi se d\u00e9gageait des visages de crainte d\u2019une \u00e9ventuelle mauvaise concentration surtout sachant que les prot\u00e9g\u00e9s de Belmadi, sur leur lanc\u00e9e, ont tous les atouts pour tenir le pari et relever le d\u00e9fi. Longue \u00e9tait ainsi l\u2019attente des citoyens en cette journ\u00e9e v\u00e9cue dans le stress jusqu\u2019au coup d\u2019envoi de cette empoignade suivie par des millions de t\u00e9l\u00e9spectateurs qui furent \u00e9merveill\u00e9s dans l\u2019ensemble par la qualit\u00e9 du jeu d\u2019un continent refermant de riches potentialit\u00e9s. Sidi Bel-Abb\u00e8s ne voulait certainement pas rester \u00e0 la tra\u00eene pour se mettre de la partie et encourager les Verts. Elle a mobilis\u00e9 tous ses moyens pour r\u00e9ussir l\u2019\u00e9v\u00e9nement et c\u00e9l\u00e9brer la victoire\u2026Hommes, femmes et enfants, la participation \u00e9tait massive et appuy\u00e9e par le rythme musical des troupes locales\u2026 Que la f\u00eate commence et se prolonge\u2026<br \/>A. Bellaha<\/p>\n<p>Auteur: elmoudjahid<br \/>\n<a href=\"http:\/\/www.elmoudjahid.com\/fr\/actualites\/139504\">Cliquez ici pour lire l&rsquo;article depuis sa source.<\/a><\/p>\n","protected":false},"excerpt":{"rendered":"<p>Le temps s\u2019est momentan\u00e9ment arr\u00eat\u00e9 hier \u00e0 Sidi Bel-Abb\u00e8s \u00e0 l\u2019instar du reste du pays pour que tout se braque sur la capitale des Pharaons et se focalise sur cette chaude empoignade avec l\u2019espoir de d\u00e9crocher ce troph\u00e9e et arracher cette deuxi\u00e8me \u00e9toiler \u00e0 partir pratiquement de 17 heures, les art\u00e8res et avenues se sont [&hellip;]<\/p>\n","protected":false},"author":1744,"featured_media":0,"comment_status":"closed","ping_status":"closed","sticky":false,"template":"","format":"standard","meta":{"fifu_image_url":"","fifu_image_alt":"","footnotes":""},"categories":[73,53],"tags":[],"class_list":["post-47405","post","type-post","status-publish","format-standard","hentry","category-actualite","category-algerie"],"_links":{"self":[{"href":"https:\/\/linitiative.ca\/International\/wp-json\/wp\/v2\/posts\/47405","targetHints":{"allow":["GET"]}}],"collection":[{"href":"https:\/\/linitiative.ca\/International\/wp-json\/wp\/v2\/posts"}],"about":[{"href":"https:\/\/linitiative.ca\/International\/wp-json\/wp\/v2\/types\/post"}],"author":[{"embeddable":true,"href":"https:\/\/linitiative.ca\/International\/wp-json\/wp\/v2\/users\/1744"}],"replies":[{"embeddable":true,"href":"https:\/\/linitiative.ca\/International\/wp-json\/wp\/v2\/comments?post=47405"}],"version-history":[{"count":0,"href":"https:\/\/linitiative.ca\/International\/wp-json\/wp\/v2\/posts\/47405\/revisions"}],"wp:attachment":[{"href":"https:\/\/linitiative.ca\/International\/wp-json\/wp\/v2\/media?parent=47405"}],"wp:term":[{"taxonomy":"category","embeddable":true,"href":"https:\/\/linitiative.ca\/International\/wp-json\/wp\/v2\/categories?post=47405"},{"taxonomy":"post_tag","embeddable":true,"href":"https:\/\/linitiative.ca\/International\/wp-json\/wp\/v2\/tags?post=47405"}],"curies":[{"name":"wp","href":"https:\/\/api.w.org\/{rel}","templated":true}]}}