{"id":47406,"date":"2019-07-19T19:00:00","date_gmt":"2019-07-19T23:00:00","guid":{"rendered":"https:\/\/linitiative.ca\/International\/oran-la-fievre-footballistique\/"},"modified":"2019-07-19T19:00:00","modified_gmt":"2019-07-19T23:00:00","slug":"oran-la-fievre-footballistique","status":"publish","type":"post","link":"https:\/\/linitiative.ca\/International\/oran-la-fievre-footballistique\/","title":{"rendered":"Oran : La fi\u00e8vre footballistique"},"content":{"rendered":"<p>Un \u00e9cran g\u00e9ant sera install\u00e9 au stade Ahmed-Zabana d&rsquo;Oran, a-t-on appris des initiateurs de l&rsquo;op\u00e9ration. Le stade, d&rsquo;une capacit\u00e9 d&rsquo;accueil de 40.000 places \u00e9tait le lieu de l&rsquo;engouement particulier que suscite le parcours extraordinaire de la s\u00e9lection dans cette messe footballistique continentale.<br \/>Les responsables locaux de Mobilis&rsquo;, l&rsquo;op\u00e9rateur de t\u00e9l\u00e9phonie mobile sponsor officiel des Verts \u00e9taient derri\u00e8re cette initiative. Outre le stade Zabana, un autre \u00e9cran g\u00e9ant est install\u00e9 au niveau de la placette de la commune de Oued Tlelat, et ce, pour exaucer le v\u0153u des habitants de cette banlieue d&rsquo;Oran, a-t-on encore indiqu\u00e9. Auparavant, trois \u00e9crans g\u00e9ants avaient \u00e9t\u00e9 install\u00e9s \u00e0 Oran par les autorit\u00e9s locales, plus pr\u00e9cis\u00e9ment au niveau de l&rsquo;esplanade du jardin de Sidi M&rsquo;hamed, le jardin m\u00e9diterran\u00e9en et le th\u00e9\u00e2tre de verdure depuis le d\u00e9but de la comp\u00e9tition africaine. Les lieux en question connaissent une affluence nombreuse lors de chacune des sorties de l&rsquo;\u00e9quipe nationale, qui a r\u00e9ussi un parcours de premier ordre qui lui a valu de se qualifier pour la troisi\u00e8me fois en finale de la CAN. Tout Oran, gagn\u00e9e par la fi\u00e8vre de la f\u00eate footballistique africaine tout comme d&rsquo;ailleurs les autres villes d&rsquo;Alg\u00e9rie, prie pour que les prot\u00e9g\u00e9s du s\u00e9lectionneur national, Djamel Belmadi, d\u00e9crochent le troph\u00e9e pour la deuxi\u00e8me fois de l&rsquo;histoire.<\/p>\n<p>Auteur: elmoudjahid<br \/>\n<a href=\"http:\/\/www.elmoudjahid.com\/fr\/actualites\/139505\">Cliquez ici pour lire l&rsquo;article depuis sa source.<\/a><\/p>\n","protected":false},"excerpt":{"rendered":"<p>Un \u00e9cran g\u00e9ant sera install\u00e9 au stade Ahmed-Zabana d&rsquo;Oran, a-t-on appris des initiateurs de l&rsquo;op\u00e9ration. Le stade, d&rsquo;une capacit\u00e9 d&rsquo;accueil de 40.000 places \u00e9tait le lieu de l&rsquo;engouement particulier que suscite le parcours extraordinaire de la s\u00e9lection dans cette messe footballistique continentale.Les responsables locaux de Mobilis&rsquo;, l&rsquo;op\u00e9rateur de t\u00e9l\u00e9phonie mobile sponsor officiel des Verts \u00e9taient [&hellip;]<\/p>\n","protected":false},"author":1744,"featured_media":0,"comment_status":"closed","ping_status":"closed","sticky":false,"template":"","format":"standard","meta":{"fifu_image_url":"","fifu_image_alt":"","footnotes":""},"categories":[73,53],"tags":[],"class_list":["post-47406","post","type-post","status-publish","format-standard","hentry","category-actualite","category-algerie"],"_links":{"self":[{"href":"https:\/\/linitiative.ca\/International\/wp-json\/wp\/v2\/posts\/47406","targetHints":{"allow":["GET"]}}],"collection":[{"href":"https:\/\/linitiative.ca\/International\/wp-json\/wp\/v2\/posts"}],"about":[{"href":"https:\/\/linitiative.ca\/International\/wp-json\/wp\/v2\/types\/post"}],"author":[{"embeddable":true,"href":"https:\/\/linitiative.ca\/International\/wp-json\/wp\/v2\/users\/1744"}],"replies":[{"embeddable":true,"href":"https:\/\/linitiative.ca\/International\/wp-json\/wp\/v2\/comments?post=47406"}],"version-history":[{"count":0,"href":"https:\/\/linitiative.ca\/International\/wp-json\/wp\/v2\/posts\/47406\/revisions"}],"wp:attachment":[{"href":"https:\/\/linitiative.ca\/International\/wp-json\/wp\/v2\/media?parent=47406"}],"wp:term":[{"taxonomy":"category","embeddable":true,"href":"https:\/\/linitiative.ca\/International\/wp-json\/wp\/v2\/categories?post=47406"},{"taxonomy":"post_tag","embeddable":true,"href":"https:\/\/linitiative.ca\/International\/wp-json\/wp\/v2\/tags?post=47406"}],"curies":[{"name":"wp","href":"https:\/\/api.w.org\/{rel}","templated":true}]}}