{"id":47409,"date":"2019-07-19T19:00:00","date_gmt":"2019-07-19T23:00:00","guid":{"rendered":"https:\/\/linitiative.ca\/International\/ressources-en-eau-campagne-de-sensibilisation-a-el-tarf\/"},"modified":"2019-07-19T19:00:00","modified_gmt":"2019-07-19T23:00:00","slug":"ressources-en-eau-campagne-de-sensibilisation-a-el-tarf","status":"publish","type":"post","link":"https:\/\/linitiative.ca\/International\/ressources-en-eau-campagne-de-sensibilisation-a-el-tarf\/","title":{"rendered":"Ressources en eau  :  Campagne de sensibilisation \u00e0 El Tarf\u2026"},"content":{"rendered":"<p>Pas moins de 150 enfants s\u00e9journant dans le camp de vacances de Draouch, da\u00efra de Ben M\u2019Hidi (wilaya d\u2019El Tarf), ont \u00e9t\u00e9 la cible, jeudi, d\u2019une campagne de sensibilisation \u00e0 la gestion et l\u2019\u00e9conomie de l\u2019eau, lanc\u00e9e par l\u2019agence nationale de gestion int\u00e9gr\u00e9e des ressources en eau (AGIRE), relevant du minist\u00e8re des Ressources en eau, a-t-on appris des responsables de cette agence. \u00abCette campagne a permis aux jeunes estivants du camp de Draouch de s\u2019adonner \u00e0 des activit\u00e9s diverses relatives \u00e0 la gestion et l\u2019\u00e9conomie de l\u2019eau, par un changement des comportements n\u00e9gatifs quant \u00e0 l\u2019utilisation de ce liquide vital\u00bb, a-t-on pr\u00e9cis\u00e9. Des cours p\u00e9dagogiques et des jeux \u00e9ducatifs sur l\u2019eau, seront \u00e9galement anim\u00e9s par les animateurs des centres de vacances et de loisirs de la DJS d\u2019El Tarf pour une meilleure sensibilisation de ces jeunes estivants, \u00e2g\u00e9s entre 6 et 14 ans, venant des wilayas du Sud du pays en qu\u00eate de loisirs et de fraicheur sur le littoral Est du pays, a-t-on \u00e9galement ajout\u00e9. Cette campagne a pour but \u00abd\u2019informer et de sensibiliser les jeunes sur la n\u00e9cessit\u00e9 d\u2019\u00e9conomiser l\u2019eau et l\u2019importance de la pr\u00e9server du gaspillage et la pollution\u00bb, tout en consommant avec \u00abrationalit\u00e9 et responsabilit\u00e9\u00bb, notamment durant la saison estivale o\u00f9 la demande en eau est plus importante, a-t-on indiqu\u00e9 du c\u00f4t\u00e9 de l\u2019agence nationale de gestion int\u00e9gr\u00e9e des ressources en eau. Plac\u00e9e sous le th\u00e8me \u00abl\u2019eau est l\u00e0, pr\u00e9servons l\u00e0 !\u00bb, cette action de sensibilisation ciblera, a-t-on soutenu, les camps de Tonga et Oum Th\u00e9boul, afin d\u2019inciter les jeunes estivants \u00e0 \u00e9conomiser l\u2019eau \u00e0 travers des conseils et des recommandations visant \u00e0 pr\u00e9server cette ressource naturelle pr\u00e9cieuse. Se poursuivant jusqu\u2019au d\u00e9but du mois d\u2019ao\u00fbt prochain, cette campagne touchera plusieurs autres camps et centres de vacances \u00e0 travers la r\u00e9gion, a-t-on not\u00e9.<\/p>\n<p><strong>\u2026Et robinets \u00e0 secs \u00e0 Bouira<\/strong><\/p>\n<p>La commune montagneuse et enclav\u00e9e de Ma\u00e2lla localis\u00e9e \u00e0 l\u2019ouest de Bouira dispose du grand barrage de Koudiet Acerdoune, d\u2019une capacit\u00e9 de plus de 640 millions de m3, mais ses quelques 5.000 habitants souffrent toujours d\u2019une crise aigu\u00eb en mati\u00e8re d\u2019alimentation en eau potable, a indiqu\u00e9 jeudi dernier, le pr\u00e9sident de l\u2019Assembl\u00e9e populaire communale (APC), Mohamed Belkadi. \u00abHier (mercredi) au conseil de la wilaya, j\u2019ai soulev\u00e9 au wali de Bouira (Mustapha Limani) ce s\u00e9rieux probl\u00e8me qui dure depuis dix ans et dont souffre les habitants surtout les 2.000 que compte uniquement le chef-lieu communal. Notre commune n\u2019est aliment\u00e9e qu\u2019\u00e0 partir d\u2019un seul forage dont le d\u00e9bit est tr\u00e8s insuffisant, notamment en p\u00e9riode d\u2019\u00e9t\u00e9\u00bb, a expliqu\u00e9 \u00e0 l\u2019APS M. Belkadi. Plus de 3.000 autres citoyens des villages \u00e9parses de cette municipalit\u00e9 montagneuse sont priv\u00e9s d\u2019eau potable, notamment en \u00e9t\u00e9. \u00abCes habitants se d\u00e9brouillent chacun \u00e0 sa mani\u00e8re pour s\u2019approvisionner en eau potable, alors que le deuxi\u00e8me grand barrage d\u2019Alg\u00e9rie est r\u00e9alis\u00e9 sur le territoire de la commune, c\u2019est vraiment inconcevable\u00bb, s\u2019est plaint le pr\u00e9sident de l\u2019APC. Selon les d\u00e9tails fournis par le m\u00eame responsable, une enveloppe de 70 millions de dinars a \u00e9t\u00e9 allou\u00e9e \u00e0 la r\u00e9alisation d\u2019un projet afin de raccorder cette commune au syst\u00e8me des grands transferts des eaux du barrage Koudiet Acerdoune, mais, les travaux \u00abtra\u00eenent toujours et ce projet ne va pas r\u00e9gler ce probl\u00e8me\u00bb, a-t-il estim\u00e9. \u00abCe projet est insuffisant car l\u2019eau n\u2019arrive \u00e0 Ma\u00e2lla qu\u2019apr\u00e8s un long d\u00e9tour du r\u00e9seau allant jusqu\u2019\u00e0 Tablat (M\u00e9d\u00e9a)\u00bb, a expliqu\u00e9 M. Belkadi. Outre Ma\u00e2lla, d\u2019autres communes voisines, \u00e0 l\u2019image de Guerrouma et Boukram, sont mal aliment\u00e9e malgr\u00e9 les efforts de raccordement au syst\u00e8me des grands transferts de ce barrage de Kjoudiet Acerdoune. Actuellement, la commune de Ma\u00e2lla est aliment\u00e9e \u00e0 partir d\u2019une source deux fois par semaine et pour une dur\u00e9e de deux heures. \u00abCela est tr\u00e8s insuffisant pour nous, nous r\u00e9clamons l\u2019eau du barrage\u00bb, a insist\u00e9 le Pr\u00e9sident de la commune. Au cours d\u2019un conseil de wilaya tenu mercredi dernier, le premier magistrat de la wilaya a demand\u00e9 aux directeurs des ressources en eau et de l\u2019Alg\u00e9rienne des eaux (ADE) de trouver une solution \u00e0 cet \u00e9pineux probl\u00e8me pour raccorder et alimenter suffisamment cette commune. Des responsables des communes de Guerrouma et de Ma\u00e2lla ont signal\u00e9 par ailleurs le ph\u00e9nom\u00e8ne des picages illicites du r\u00e9seau par des agriculteurs \u00e0 Tablat (M\u00e9d\u00e9a). \u00abCe ph\u00e9nom\u00e8ne est \u00e0 l\u2019origine du manque du volume d\u2019eau mobilis\u00e9 sur le r\u00e9seau alimentant les communes de Guerrouma ainsi que de Boukram\u00bb, ont estim\u00e9 les m\u00eames responsables.<\/p>\n<p>Auteur: elmoudjahid<br \/>\n<a href=\"http:\/\/www.elmoudjahid.com\/fr\/actualites\/139508\">Cliquez ici pour lire l&rsquo;article depuis sa source.<\/a><\/p>\n","protected":false},"excerpt":{"rendered":"<p>Pas moins de 150 enfants s\u00e9journant dans le camp de vacances de Draouch, da\u00efra de Ben M\u2019Hidi (wilaya d\u2019El Tarf), ont \u00e9t\u00e9 la cible, jeudi, d\u2019une campagne de sensibilisation \u00e0 la gestion et l\u2019\u00e9conomie de l\u2019eau, lanc\u00e9e par l\u2019agence nationale de gestion int\u00e9gr\u00e9e des ressources en eau (AGIRE), relevant du minist\u00e8re des Ressources en eau, [&hellip;]<\/p>\n","protected":false},"author":1744,"featured_media":0,"comment_status":"closed","ping_status":"closed","sticky":false,"template":"","format":"standard","meta":{"fifu_image_url":"","fifu_image_alt":"","footnotes":""},"categories":[73,53],"tags":[],"class_list":["post-47409","post","type-post","status-publish","format-standard","hentry","category-actualite","category-algerie"],"_links":{"self":[{"href":"https:\/\/linitiative.ca\/International\/wp-json\/wp\/v2\/posts\/47409","targetHints":{"allow":["GET"]}}],"collection":[{"href":"https:\/\/linitiative.ca\/International\/wp-json\/wp\/v2\/posts"}],"about":[{"href":"https:\/\/linitiative.ca\/International\/wp-json\/wp\/v2\/types\/post"}],"author":[{"embeddable":true,"href":"https:\/\/linitiative.ca\/International\/wp-json\/wp\/v2\/users\/1744"}],"replies":[{"embeddable":true,"href":"https:\/\/linitiative.ca\/International\/wp-json\/wp\/v2\/comments?post=47409"}],"version-history":[{"count":0,"href":"https:\/\/linitiative.ca\/International\/wp-json\/wp\/v2\/posts\/47409\/revisions"}],"wp:attachment":[{"href":"https:\/\/linitiative.ca\/International\/wp-json\/wp\/v2\/media?parent=47409"}],"wp:term":[{"taxonomy":"category","embeddable":true,"href":"https:\/\/linitiative.ca\/International\/wp-json\/wp\/v2\/categories?post=47409"},{"taxonomy":"post_tag","embeddable":true,"href":"https:\/\/linitiative.ca\/International\/wp-json\/wp\/v2\/tags?post=47409"}],"curies":[{"name":"wp","href":"https:\/\/api.w.org\/{rel}","templated":true}]}}