{"id":47413,"date":"2019-07-20T08:30:36","date_gmt":"2019-07-20T12:30:36","guid":{"rendered":"https:\/\/linitiative.ca\/International\/92184-can-2019-france-les-algeriens-de-france-celebrent-la-deuxieme-etoile-continentale-dans-la-joie-totale\/"},"modified":"2019-07-20T08:30:36","modified_gmt":"2019-07-20T12:30:36","slug":"92184-can-2019-france-les-algeriens-de-france-celebrent-la-deuxieme-etoile-continentale-dans-la-joie-totale","status":"publish","type":"post","link":"https:\/\/linitiative.ca\/International\/92184-can-2019-france-les-algeriens-de-france-celebrent-la-deuxieme-etoile-continentale-dans-la-joie-totale\/","title":{"rendered":"CAN-2019\/ France : les Alg\u00e9riens de France c\u00e9l\u00e8brent la deuxi\u00e8me \u00e9toile continentale dans la joie totale  \u00a0"},"content":{"rendered":"<div>\n<div class=\"K2FeedIntroText\">\n<p><strong>PARIS- La deuxi\u00e8me \u00e9toile d\u00e9croch\u00e9e par les \u00ab\u00a0Fennecs\u00a0\u00bb en venant \u00e0 bout du S\u00e9n\u00e9gal apr\u00e8s un match \u00e9prouvant (0-1) dans le cadre de la finale de la coupe d&rsquo;Afrique des nations (CAN) a eu l&rsquo;effet d&rsquo;un coup de d\u00e9tonateur pour les Alg\u00e9riens de France qui sont sortis tr\u00e8s nombreux dans les rues fran\u00e7aises pour exprimer leur joie.<\/strong><\/p>\n<\/div>\n<div class=\"K2FeedFullText\">\n<p>Le coup de sifflet final de l&rsquo;arbitre du match Alioum Alioum, qui s&rsquo;est jou\u00e9e \u00e0 des milliers de kilom\u00e8tres de France, a \u00e9t\u00e9 une d\u00e9livrance pour les supporters alg\u00e9riens apr\u00e8s un match tr\u00e8s peinant pour les Verts, m\u00eame s&rsquo;il \u00e9tait pli\u00e9 \u00e0 la 2eminute du jeu.<\/p>\n<p>Cette d\u00e9livrance a \u00e9t\u00e9 fortement ressentie \u00e0 Paris aux Champs-Elys\u00e9es chez les milliers de supporters alg\u00e9riens qui ont envahi la plus belle avenue du monde, en brisant la qui\u00e9tude des touristes avec de stridents klaxons des v\u00e9hicules et scooters, des youyous, des \u00ab\u00a0Championn\u00e9, Championn\u00e9 Oh\u00e9 Oh\u00e9\u00a0\u00bb et\u00a0des <strong>\u00ab\u00a0Tahya Djaza\u00efr\u00a0\u00bb<\/strong> (Vive l&rsquo;Alg\u00e9rie).<\/p>\n<p>La joie est totale \u00e0 Paris centre, dans ses quartiers et dans sa banlieue, m\u00eame si les autorit\u00e9s fran\u00e7aises ont muscl\u00e9 les mesures de s\u00e9curit\u00e9, mais force est de constater que les rues fran\u00e7aises, l\u00e0 o\u00f9 il y a un supporter alg\u00e9rien qui passe ou repasse, ont pris le temps de la f\u00eate les couleurs tricolores vert, blanc et rouge.<\/p>\n<p>P\u00e9tards, fumig\u00e8nes, chants, danses \u00e9taient au menu de cette ferveur sous le regard vigilant des policiers d\u00e9ploy\u00e9s dans l&rsquo;avenue des Champs-Elys\u00e9es et les rues adjacentes, mais aucun incident n&rsquo;a \u00e9t\u00e9 signal\u00e9. A Paris, 2.500 membres des forces de l&rsquo;ordre ont \u00e9t\u00e9 mobilis\u00e9s pour \u00e9viter d&rsquo;\u00e9ventuels d\u00e9bordements comme cela a pu \u00eatre le cas de groupes de casseurs qui s&rsquo;\u00e9taient infiltr\u00e9s apr\u00e8s la demi-finale entre l&rsquo;Alg\u00e9rie et le Nigeria le 14 juillet. A cet effet, plusieurs stations de m\u00e9tro sur un rayon tr\u00e8s\u00a0large des Champs-Elys\u00e9es ont \u00e9t\u00e9 ferm\u00e9es par mesures de s\u00e9curit\u00e9.<\/p>\n<p>A minuit, la circulation \u00e9tait presque bloqu\u00e9e dans l&rsquo;avenue et autour du rond-point de l&rsquo;arc de Triomphe, alors que les inconditionnels des Verts chantaient et dansaient sur les trottoirs brandissant les drapeaux\u00a0alg\u00e9riens.<\/p>\n<p><strong>\u00ab\u00a0On est fiers de notre \u00e9quipe qui a relev\u00e9 nos t\u00eates\u00a0\u00bb<\/strong>, a confi\u00e9 \u00e0 l&rsquo;APS Riad en casquette aux couleurs alg\u00e9riens et endossant le maillot de l&rsquo;\u00e9quipe nationale au nom de Mahrez. La fiert\u00e9 \u00e9tait le sentiment qui se liait sur les visages de ces supporters. <strong>\u00ab\u00a0On n&rsquo;a plus la h&rsquo;chouma (honte) qui nous \u00e9tait coll\u00e9 apr\u00e8s chaque d\u00e9faite de l&rsquo;Alg\u00e9rie\u00a0\u00bb, a ajout\u00e9 son copain Tarik, accompagn\u00e9 de sa jeune \u00e9pouse, n\u00e9 \u00e0 Bobigny, qui s&rsquo;essayait dans les youyous.<\/strong><\/p>\n<p>Dans les quartiers hupp\u00e9s de Paris, g\u00e9n\u00e9ralement tr\u00e8s calmes, des youyous fusaient de toute part exprimant la joie des femmes et des familles \u00e0 travers lesquels les Parisiens mesurent bien l&rsquo;impact du football sur les populations et l&rsquo;attachement de la communaut\u00e9 alg\u00e9rienne \u00e0 leur pays d&rsquo;origine.<\/p>\n<p>Les vid\u00e9os post\u00e9es sur les r\u00e9seaux sociaux montrent bien que la f\u00eate des Alg\u00e9riens de France \u00e9tait partout de Marseille, Montpellier, Lyon, Toulouse, Nice \u00e0 Lille, Roubaix, Strasbourg, Le Havre, Rouen et Tours. Des milliers d&rsquo;Alg\u00e9riens, des foules en liesse, ont investi les places et rues principales dans la m\u00eame ambiance pour f\u00eater la cons\u00e9cration continentale des \u00ab\u00a0Fennecs\u00a0\u00bb, 29 ans apr\u00e8s.<\/p>\n<p>\u00a0<\/p>\n<\/div>\n<p><img loading=\"lazy\" decoding=\"async\" src=\"http:\/\/feeds.feedburner.com\/~r\/aps-sport\/~4\/PE6E6OoJZuc\" height=\"1\" width=\"1\" alt=\"\"><\/div>\n<p>Auteur:<br \/>\n<a href=\"http:\/\/www.aps.dz\/sport\/92184-can-2019-france-les-algeriens-de-france-celebrent-la-deuxieme-etoile-continentale-dans-la-joie-totale?utm_source=feedburner&#038;utm_medium=feed&#038;utm_campaign=Feed%3A+aps-sport+%28APS+-+SPORT%29\">Cliquez ici pour lire l&rsquo;article depuis sa source.<\/a><\/p>\n","protected":false},"excerpt":{"rendered":"<p>PARIS- La deuxi\u00e8me \u00e9toile d\u00e9croch\u00e9e par les \u00ab\u00a0Fennecs\u00a0\u00bb en venant \u00e0 bout du S\u00e9n\u00e9gal apr\u00e8s un match \u00e9prouvant (0-1) dans le cadre de la finale de la coupe d&rsquo;Afrique des nations (CAN) a eu l&rsquo;effet d&rsquo;un coup de d\u00e9tonateur pour les Alg\u00e9riens de France qui sont sortis tr\u00e8s nombreux dans les rues fran\u00e7aises pour exprimer [&hellip;]<\/p>\n","protected":false},"author":1790,"featured_media":0,"comment_status":"closed","ping_status":"closed","sticky":false,"template":"","format":"standard","meta":{"fifu_image_url":"","fifu_image_alt":"","footnotes":""},"categories":[53,75],"tags":[],"class_list":["post-47413","post","type-post","status-publish","format-standard","hentry","category-algerie","category-sport"],"_links":{"self":[{"href":"https:\/\/linitiative.ca\/International\/wp-json\/wp\/v2\/posts\/47413","targetHints":{"allow":["GET"]}}],"collection":[{"href":"https:\/\/linitiative.ca\/International\/wp-json\/wp\/v2\/posts"}],"about":[{"href":"https:\/\/linitiative.ca\/International\/wp-json\/wp\/v2\/types\/post"}],"author":[{"embeddable":true,"href":"https:\/\/linitiative.ca\/International\/wp-json\/wp\/v2\/users\/1790"}],"replies":[{"embeddable":true,"href":"https:\/\/linitiative.ca\/International\/wp-json\/wp\/v2\/comments?post=47413"}],"version-history":[{"count":0,"href":"https:\/\/linitiative.ca\/International\/wp-json\/wp\/v2\/posts\/47413\/revisions"}],"wp:attachment":[{"href":"https:\/\/linitiative.ca\/International\/wp-json\/wp\/v2\/media?parent=47413"}],"wp:term":[{"taxonomy":"category","embeddable":true,"href":"https:\/\/linitiative.ca\/International\/wp-json\/wp\/v2\/categories?post=47413"},{"taxonomy":"post_tag","embeddable":true,"href":"https:\/\/linitiative.ca\/International\/wp-json\/wp\/v2\/tags?post=47413"}],"curies":[{"name":"wp","href":"https:\/\/api.w.org\/{rel}","templated":true}]}}