{"id":47414,"date":"2019-07-20T09:27:19","date_gmt":"2019-07-20T13:27:19","guid":{"rendered":"https:\/\/linitiative.ca\/International\/92185-can-2019-retour-en-algerie-des-champions-d-afrique\/"},"modified":"2019-07-20T09:27:19","modified_gmt":"2019-07-20T13:27:19","slug":"92185-can-2019-retour-en-algerie-des-champions-d-afrique","status":"publish","type":"post","link":"https:\/\/linitiative.ca\/International\/92185-can-2019-retour-en-algerie-des-champions-d-afrique\/","title":{"rendered":"CAN-2019: retour en Alg\u00e9rie des champions d&rsquo;Afrique\u00a0  \u00a0"},"content":{"rendered":"<div>\n<div class=\"K2FeedImage\"><img decoding=\"async\" src=\"http:\/\/www.aps.dz\/media\/k2\/items\/cache\/dee9548cef77a41949b59192bb3e1744_S.jpg\" alt=\"CAN-2019: retour en Alg\u00e9rie des champions d'Afrique\u00a0  \u00a0\"><\/div>\n<div class=\"K2FeedIntroText\">\n<p><strong>ALGER &#8211; L&rsquo;\u00e9quipe alg\u00e9rienne de football, victorieuse vendredi soir au Caire de la Coupe d&rsquo;Afrique des nations-2019, a regagn\u00e9 le pays samedi apr\u00e8s-midi en provenance de la capitale \u00e9gyptienne.<\/strong><\/p>\n<\/div>\n<div class=\"K2FeedFullText\">\n<p>L&rsquo;avion de la compagnie Air Alg\u00e9rie qui transportait les co\u00e9quipiers de Baghdad Bounedjah, s&rsquo;est pos\u00e9 vers 14h00 sur le tarmac de l&rsquo;a\u00e9roport international Houari-Boumediene.<\/p>\n<hr>\n<p><a href=\"http:\/\/www.aps.dz\/sport\/92178-can-2019-l-algerie-championne-d-afrique-aux-depens-du-senegal-1-0\">CAN-2019 : l&rsquo;Alg\u00e9rie championne d&rsquo;Afrique aux d\u00e9pens du S\u00e9n\u00e9gal (1-0)<\/a><\/p>\n<hr>\n<p>Le capitaine Mahrez, troph\u00e9e \u00e0 la main, le pr\u00e9sident de la FAF Khe\u00efreddine Zetchi et le s\u00e9lectionneur national Djamel Belmadi \u00e9taient les premiers \u00e0 descendre de l&rsquo;avion.<\/p>\n<p>La d\u00e9l\u00e9gation alg\u00e9rienne a \u00e9t\u00e9 accueillie \u00e0 son arriv\u00e9e par Noureddine Bedoui, Premier ministre et Salim Raouf Bernaoui, ministre de la Jeunesse et des Sports, ainsi que des membres du gouvernement.<\/p>\n<p>Les joueurs de Djamel Belmadi ont d\u00e9croch\u00e9 le titre africain apr\u00e8s leur victoire contre le S\u00e9n\u00e9gal 1-0, vendredi soir au stade international du Caire, en finale de la CAN-2019 gr\u00e2ce \u00e0 un but de Baghdad Bounedjah d\u00e8s la 2e minute.<\/p>\n<\/div>\n<p><img loading=\"lazy\" decoding=\"async\" src=\"http:\/\/feeds.feedburner.com\/~r\/aps-sport\/~4\/8TPe0vsr-00\" height=\"1\" width=\"1\" alt=\"\"><\/div>\n<p>Auteur:<br \/>\n<a href=\"http:\/\/www.aps.dz\/sport\/92185-can-2019-retour-en-algerie-des-champions-d-afrique?utm_source=feedburner&#038;utm_medium=feed&#038;utm_campaign=Feed%3A+aps-sport+%28APS+-+SPORT%29\">Cliquez ici pour lire l&rsquo;article depuis sa source.<\/a><\/p>\n","protected":false},"excerpt":{"rendered":"<p>ALGER &#8211; L&rsquo;\u00e9quipe alg\u00e9rienne de football, victorieuse vendredi soir au Caire de la Coupe d&rsquo;Afrique des nations-2019, a regagn\u00e9 le pays samedi apr\u00e8s-midi en provenance de la capitale \u00e9gyptienne. L&rsquo;avion de la compagnie Air Alg\u00e9rie qui transportait les co\u00e9quipiers de Baghdad Bounedjah, s&rsquo;est pos\u00e9 vers 14h00 sur le tarmac de l&rsquo;a\u00e9roport international Houari-Boumediene. CAN-2019 : [&hellip;]<\/p>\n","protected":false},"author":1790,"featured_media":47415,"comment_status":"closed","ping_status":"closed","sticky":false,"template":"","format":"standard","meta":{"fifu_image_url":"","fifu_image_alt":"","footnotes":""},"categories":[53,75],"tags":[],"class_list":["post-47414","post","type-post","status-publish","format-standard","has-post-thumbnail","hentry","category-algerie","category-sport"],"_links":{"self":[{"href":"https:\/\/linitiative.ca\/International\/wp-json\/wp\/v2\/posts\/47414","targetHints":{"allow":["GET"]}}],"collection":[{"href":"https:\/\/linitiative.ca\/International\/wp-json\/wp\/v2\/posts"}],"about":[{"href":"https:\/\/linitiative.ca\/International\/wp-json\/wp\/v2\/types\/post"}],"author":[{"embeddable":true,"href":"https:\/\/linitiative.ca\/International\/wp-json\/wp\/v2\/users\/1790"}],"replies":[{"embeddable":true,"href":"https:\/\/linitiative.ca\/International\/wp-json\/wp\/v2\/comments?post=47414"}],"version-history":[{"count":0,"href":"https:\/\/linitiative.ca\/International\/wp-json\/wp\/v2\/posts\/47414\/revisions"}],"wp:featuredmedia":[{"embeddable":true,"href":"https:\/\/linitiative.ca\/International\/wp-json\/"}],"wp:attachment":[{"href":"https:\/\/linitiative.ca\/International\/wp-json\/wp\/v2\/media?parent=47414"}],"wp:term":[{"taxonomy":"category","embeddable":true,"href":"https:\/\/linitiative.ca\/International\/wp-json\/wp\/v2\/categories?post=47414"},{"taxonomy":"post_tag","embeddable":true,"href":"https:\/\/linitiative.ca\/International\/wp-json\/wp\/v2\/tags?post=47414"}],"curies":[{"name":"wp","href":"https:\/\/api.w.org\/{rel}","templated":true}]}}