{"id":47416,"date":"2019-07-20T09:49:13","date_gmt":"2019-07-20T13:49:13","guid":{"rendered":"https:\/\/linitiative.ca\/International\/92188-can2019-finale-l-algerie-sacree-championne-le-caire-celebre-le-sacre-des-verts\/"},"modified":"2019-07-20T09:49:13","modified_gmt":"2019-07-20T13:49:13","slug":"92188-can2019-finale-l-algerie-sacree-championne-le-caire-celebre-le-sacre-des-verts","status":"publish","type":"post","link":"https:\/\/linitiative.ca\/International\/92188-can2019-finale-l-algerie-sacree-championne-le-caire-celebre-le-sacre-des-verts\/","title":{"rendered":"CAN2019\/finale\/l&rsquo;Alg\u00e9rie sacr\u00e9e championne: le Caire c\u00e9l\u00e8bre le sacre des \u00ab\u00a0verts\u00a0\u00bb"},"content":{"rendered":"<div>\n<div class=\"K2FeedIntroText\">\n<p>LE CAIRE- Les supporteurs \u00ab\u00a0des verts\u00a0\u00bb ont \u00e9t\u00e9 submerg\u00e9s par une immense joie, apr\u00e8s la victoire m\u00e9rit\u00e9e de la s\u00e9lection\u00a0 nationale de football en finale de la Coupe d&rsquo;Afrique des Nations 2019 (CAN 2019) sur l&rsquo;\u00e9quipe du S\u00e9n\u00e9gal (1-0), disput\u00e9e vendredi soir au Caire, o\u00f9 les drapeaux alg\u00e9riens ornaient les rues de la capitale \u00e9gyptienne apr\u00e8s le sacre.<\/p>\n<\/div>\n<div class=\"K2FeedFullText\">\n<p>Les supporteurs alg\u00e9riens, qui ont encourag\u00e9, corps et \u00e2me, les joueurs du s\u00e9lectionneur Belmadi, \u00e9taient en liesse apr\u00e8s cet exploit historique, qui a permis \u00e0 l&rsquo;Alg\u00e9rie de d\u00e9crocher une deuxi\u00e8me \u00e9toile, pour la premi\u00e8re fois \u00e0 l&rsquo;ext\u00e9rieur, \u00e0 l&rsquo;issue du parcours exceptionnel des verts lors de la comp\u00e9tition africaine (7 victoires cons\u00e9cutives).<\/p>\n<p>La s\u00e9lection nationale alg\u00e9rienne a remport\u00e9 la finale de la 32e \u00e9dition de la CAN, gr\u00e2ce au but inscrit par l&rsquo;attaquant Bounedjah \u00e0 la 1e minute de la rencontre.<\/p>\n<p>Approch\u00e9s par l&rsquo;APS, certains supporters alg\u00e9riens ne pouvaient s&rsquo;arr\u00eater de crier, de chanter et de danser de joie pour c\u00e9l\u00e9brer le triomphe des Verts, particuli\u00e8rement la d\u00e9couverte du tournoi, Smail Bennacer, choisi par la CAF comme meilleur espoir de cette comp\u00e9tition.<\/p>\n<hr>\n<p><a href=\"http:\/\/www.aps.dz\/sport\/92178-can-2019-l-algerie-championne-d-afrique-aux-depens-du-senegal-1-0\">CAN-2019 : l&rsquo;Alg\u00e9rie championne d&rsquo;Afrique aux d\u00e9pens du S\u00e9n\u00e9gal (1-0)<\/a><\/p>\n<hr>\n<p>D&rsquo;autres supporters originaires de plusieurs pays, notamment \u00e9gyptiens, libyens et marocains, avaient aussi choisi de soutenir les co\u00e9quipiers de Ryad Mahrez et de partager la joie de leurs fr\u00e8res alg\u00e9riens.<\/p>\n<p>Amrou, un supporteur originaire d&rsquo;Egypte a d\u00e9clar\u00e9: \u00ab\u00a0je suis tr\u00e8s content que l&rsquo;Alg\u00e9rie ait remport\u00e9 la CAN 2019. J&rsquo;ai v\u00e9cu de tr\u00e8s bons moments avec mes fr\u00e8res alg\u00e9riens qui sont tr\u00e8s attach\u00e9s aux couleurs de leur pays\u00a0\u00bb.<\/p>\n<p>Le libyen Mahmoud, \u00e9tudiant en Egypte, a dit qu&rsquo;il \u00e9tait\u00a0 venu sp\u00e9cialement pour assister \u00e0 cette finale et encourager la s\u00e9lection nationale.<\/p>\n<p>Les envoy\u00e9s sp\u00e9ciaux de l&rsquo;APS ont \u00e9galement rencontr\u00e9 l&rsquo;ancien d\u00e9fenseur de Raed Kouba (RCK) et du Mouloudia d&rsquo;Alger (MCA) durant les ann\u00e9es 80, Redouane Drissi, venu de Norv\u00e8ge pour assister \u00e0 la rencontre.<\/p>\n<p>\u00ab\u00a0Je r\u00e9side depuis plusieurs ann\u00e9es dans la ville de Bergen en Norv\u00e8ge et je ne voulais pas rater l&rsquo;occasion d&rsquo;assister \u00e0 la finale de cette comp\u00e9tition continentale et supporter les co\u00e9quipiers de Youcef Belaili.<\/p>\n<p>J&rsquo;ai ramen\u00e9 avec moi mon petit fils pour vivre cette ambiance et Dieu merci notre \u00e9quipe ne nous a pas d\u00e9\u00e7u\u00a0\u00bb, a-t-il dit.<\/p>\n<p>Pr\u00e8s de 20.000 supporters \u00e9taient pr\u00e9sents dans les gradins du stade international du Caire, gr\u00e2ce au pont a\u00e9rien organis\u00e9 par le Gouvernement alg\u00e9rien et le Haut commandement de l&rsquo;Arm\u00e9e nationale populaire (ANP) en faveur des fans de l&rsquo;\u00e9quipe nationale.<\/p>\n<p>Avant le d\u00e9but de la finale, les supporters alg\u00e9riens pr\u00e9sents dans la capitale \u00e9gyptienne ont rencontr\u00e9 quelques difficult\u00e9s pour acc\u00e9der au stade, d&rsquo;une capacit\u00e9 de 75.000 supporters, en raison notamment des nombreux points de contr\u00f4le.<\/p>\n<\/div>\n<p><img loading=\"lazy\" decoding=\"async\" src=\"http:\/\/feeds.feedburner.com\/~r\/aps-sport\/~4\/pbdsIfDaVgk\" height=\"1\" width=\"1\" alt=\"\"><\/div>\n<p>Auteur:<br \/>\n<a href=\"http:\/\/www.aps.dz\/sport\/92188-can2019-finale-l-algerie-sacree-championne-le-caire-celebre-le-sacre-des-verts?utm_source=feedburner&#038;utm_medium=feed&#038;utm_campaign=Feed%3A+aps-sport+%28APS+-+SPORT%29\">Cliquez ici pour lire l&rsquo;article depuis sa source.<\/a><\/p>\n","protected":false},"excerpt":{"rendered":"<p>LE CAIRE- Les supporteurs \u00ab\u00a0des verts\u00a0\u00bb ont \u00e9t\u00e9 submerg\u00e9s par une immense joie, apr\u00e8s la victoire m\u00e9rit\u00e9e de la s\u00e9lection\u00a0 nationale de football en finale de la Coupe d&rsquo;Afrique des Nations 2019 (CAN 2019) sur l&rsquo;\u00e9quipe du S\u00e9n\u00e9gal (1-0), disput\u00e9e vendredi soir au Caire, o\u00f9 les drapeaux alg\u00e9riens ornaient les rues de la capitale \u00e9gyptienne [&hellip;]<\/p>\n","protected":false},"author":1790,"featured_media":0,"comment_status":"closed","ping_status":"closed","sticky":false,"template":"","format":"standard","meta":{"fifu_image_url":"","fifu_image_alt":"","footnotes":""},"categories":[53,75],"tags":[],"class_list":["post-47416","post","type-post","status-publish","format-standard","hentry","category-algerie","category-sport"],"_links":{"self":[{"href":"https:\/\/linitiative.ca\/International\/wp-json\/wp\/v2\/posts\/47416","targetHints":{"allow":["GET"]}}],"collection":[{"href":"https:\/\/linitiative.ca\/International\/wp-json\/wp\/v2\/posts"}],"about":[{"href":"https:\/\/linitiative.ca\/International\/wp-json\/wp\/v2\/types\/post"}],"author":[{"embeddable":true,"href":"https:\/\/linitiative.ca\/International\/wp-json\/wp\/v2\/users\/1790"}],"replies":[{"embeddable":true,"href":"https:\/\/linitiative.ca\/International\/wp-json\/wp\/v2\/comments?post=47416"}],"version-history":[{"count":0,"href":"https:\/\/linitiative.ca\/International\/wp-json\/wp\/v2\/posts\/47416\/revisions"}],"wp:attachment":[{"href":"https:\/\/linitiative.ca\/International\/wp-json\/wp\/v2\/media?parent=47416"}],"wp:term":[{"taxonomy":"category","embeddable":true,"href":"https:\/\/linitiative.ca\/International\/wp-json\/wp\/v2\/categories?post=47416"},{"taxonomy":"post_tag","embeddable":true,"href":"https:\/\/linitiative.ca\/International\/wp-json\/wp\/v2\/tags?post=47416"}],"curies":[{"name":"wp","href":"https:\/\/api.w.org\/{rel}","templated":true}]}}