{"id":47417,"date":"2019-07-20T13:00:36","date_gmt":"2019-07-20T17:00:36","guid":{"rendered":"https:\/\/linitiative.ca\/International\/92196-jm-2021-les-dernieres-mesures-du-gouvernement-ont-redynamise-les-preparatifs-de-la-19e-edition\/"},"modified":"2019-07-20T13:00:36","modified_gmt":"2019-07-20T17:00:36","slug":"92196-jm-2021-les-dernieres-mesures-du-gouvernement-ont-redynamise-les-preparatifs-de-la-19e-edition","status":"publish","type":"post","link":"https:\/\/linitiative.ca\/International\/92196-jm-2021-les-dernieres-mesures-du-gouvernement-ont-redynamise-les-preparatifs-de-la-19e-edition\/","title":{"rendered":"JM -2021: les derni\u00e8res mesures du gouvernement ont redynamis\u00e9 les pr\u00e9paratifs de la 19e \u00e9dition\u00a0"},"content":{"rendered":"<div>\n<div class=\"K2FeedImage\"><img decoding=\"async\" src=\"http:\/\/www.aps.dz\/media\/k2\/items\/cache\/448f3fd967f4d494e4a37c30ddd129ef_S.jpg\" alt=\"JM -2021: les derni\u00e8res mesures du gouvernement ont redynamis\u00e9 les pr\u00e9paratifs de la 19e \u00e9dition\u00a0\"><\/div>\n<div class=\"K2FeedIntroText\">\n<p><strong>ORAN &#8211; L\u2019intervention des pouvoirs publics \u00e0 travers la tenue d\u2019une r\u00e9union interminist\u00e9rielle, le 18 juin dernier, pr\u00e9sid\u00e9e par le Premier ministre Noureddine Bedoui a permis de redynamiser les pr\u00e9paratifs du pays pour accueillir la 19e \u00e9dition des jeux m\u00e9diterran\u00e9ens (JM) que va abriter Oran en 2021, a indiqu\u00e9 samedi \u00e0 Oran le pr\u00e9sident de la commission de coordination du comit\u00e9 international de ces jeux (CIJM).<\/strong><\/p>\n<\/div>\n<div class=\"K2FeedFullText\">\n<p>\u00ab\u00a0A travers nos \u00e9changes avec les responsables de l\u2019organisation des jeux, dont le wali d\u2019Oran, nous avons \u00e9t\u00e9 rassur\u00e9s au plus haut point concernant les pr\u00e9paratifs de cet \u00e9v\u00e8nement sportif important, notamment les mesures prises derni\u00e8rement par le gouvernement alg\u00e9rien qui ont permis de rem\u00e9dier \u00e0 certaines insuffisances\u00a0\u00bb, a d\u00e9clar\u00e9 Bernard Amsalem lors d\u2019une conf\u00e9rence de presse \u00e0 Oran.<\/p>\n<p>M.Amsalem fait partie d\u2019une d\u00e9l\u00e9gation du CIJM, pr\u00e9sid\u00e9e par le secr\u00e9taire g\u00e9n\u00e9ral de cette instance le Grec Akovos Filippousis en visite, depuis jeudi, dans la capitale de l\u2019Ouest et qui prend fin samedi.<\/p>\n<p>\u00ab\u00a0Cette visite, la quatri\u00e8me du genre depuis qu\u2019Oran a \u00e9t\u00e9 retenue pour l\u2019organisation des JM, nous a permis de voir de pr\u00e8s l\u2019\u00e9volution des pr\u00e9paratifs par rapport \u00e0 notre derni\u00e8re visite en f\u00e9vrier dernier.<\/p>\n<hr>\n<p><a href=\"http:\/\/www.aps.dz\/sport\/90811-jm-oran-2021-reunir-toutes-les-conditions-pour-assurer-une-bonne-organisation\">Lire aussi:\u00a0 JM Oran-2021: r\u00e9unir toutes les conditions pour assurer une bonne organisation<\/a><\/p>\n<hr>\n<p>Et l\u00e0, je dois dire qu\u2019il y a un \u00e9norme progr\u00e8s enregistr\u00e9 dans ce registre\u00a0\u00bb, s\u2019est encore f\u00e9licit\u00e9 le responsable fran\u00e7ais.<\/p>\n<p>Le m\u00eame orateur a r\u00e9v\u00e9l\u00e9 au passage que le gouvernement alg\u00e9rien a d\u00e9bloqu\u00e9 une enveloppe de 4,6 millions d\u2019euros repr\u00e9sentant le budget de fonctionnement du comit\u00e9 local d\u2019organisation \u00ab\u00a0devant permettre de r\u00e9gler beaucoup de probl\u00e8mes signal\u00e9s jusque-l\u00e0\u00a0\u00bb, a-t-il soulign\u00e9.<\/p>\n<p>Il s\u2019est dit, en outre, confiant quant \u00e0 la r\u00e9ception des infrastructures sportives, aussi bien celle en construction, \u00e0 savoir le complexe olympique et le village m\u00e9diterran\u00e9en, qu\u2019en r\u00e9habilitation au nombre de sept.<\/p>\n<p>\u00ab\u00a0Des assurances nous ont \u00e9t\u00e9 donn\u00e9es quant \u00e0 la r\u00e9ception de tous ces sites sportifs au plus tard au d\u00e9but de l\u2019ann\u00e9e 2020, ce qui va permettre de passer \u00e0 la phase des tests \u00e0 travers l\u2019organisation au niveau de ces sites de comp\u00e9titions sportives avant une ann\u00e9e des jeux\u00a0\u00bb, a ajout\u00e9 le m\u00eame responsable qui a inspect\u00e9 la veille certains chantiers en compagnie des autres membres de la d\u00e9l\u00e9gation du CIJM.<\/p>\n<p>M.Amsalem s&rsquo;est \u00e9galement dit satisfait des atouts de la ville d\u2019Oran en mati\u00e8re d\u2019h\u00f4tellerie, de transports et autres volets li\u00e9s \u00e0 l\u2019organisation des JM, mais n\u2019a pas cach\u00e9 ses inqui\u00e9tudes concernant ce qu\u2019il a qualifi\u00e9 de \u00ab\u00a0lacunes constat\u00e9es en mati\u00e8re de communication\u00a0\u00bb.<\/p>\n<p>\u00ab\u00a0Des recommandations ont \u00e9t\u00e9 faites pour la cr\u00e9ation dans les meilleurs d\u00e9lais, d\u2019un site internet, de guides ainsi que d\u2019autres actions dans le cadre de la promotion des jeux, surtout qu\u2019il ne reste que 23 mois de la tenue de cette manifestation, ce qui veut dire tout simplement qu\u2019on amorce d\u00e9j\u00e0 le dernier virage du rendez-vous m\u00e9diterran\u00e9en\u00a0\u00bb a-t-il relev\u00e9.<\/p>\n<p>Il a aussi mis en exergue la mobilisation des volontaires pour participer dans l\u2019organisation de l\u2019\u00e9v\u00e8nement.<\/p>\n<\/div>\n<p><img loading=\"lazy\" decoding=\"async\" src=\"http:\/\/feeds.feedburner.com\/~r\/aps-sport\/~4\/9sa9Xk6Z8ic\" height=\"1\" width=\"1\" alt=\"\"><\/div>\n<p>Auteur:<br \/>\n<a href=\"http:\/\/www.aps.dz\/sport\/92196-jm-2021-les-dernieres-mesures-du-gouvernement-ont-redynamise-les-preparatifs-de-la-19e-edition?utm_source=feedburner&#038;utm_medium=feed&#038;utm_campaign=Feed%3A+aps-sport+%28APS+-+SPORT%29\">Cliquez ici pour lire l&rsquo;article depuis sa source.<\/a><\/p>\n","protected":false},"excerpt":{"rendered":"<p>ORAN &#8211; L\u2019intervention des pouvoirs publics \u00e0 travers la tenue d\u2019une r\u00e9union interminist\u00e9rielle, le 18 juin dernier, pr\u00e9sid\u00e9e par le Premier ministre Noureddine Bedoui a permis de redynamiser les pr\u00e9paratifs du pays pour accueillir la 19e \u00e9dition des jeux m\u00e9diterran\u00e9ens (JM) que va abriter Oran en 2021, a indiqu\u00e9 samedi \u00e0 Oran le pr\u00e9sident de [&hellip;]<\/p>\n","protected":false},"author":1790,"featured_media":47418,"comment_status":"closed","ping_status":"closed","sticky":false,"template":"","format":"standard","meta":{"fifu_image_url":"","fifu_image_alt":"","footnotes":""},"categories":[53,75],"tags":[],"class_list":["post-47417","post","type-post","status-publish","format-standard","has-post-thumbnail","hentry","category-algerie","category-sport"],"_links":{"self":[{"href":"https:\/\/linitiative.ca\/International\/wp-json\/wp\/v2\/posts\/47417","targetHints":{"allow":["GET"]}}],"collection":[{"href":"https:\/\/linitiative.ca\/International\/wp-json\/wp\/v2\/posts"}],"about":[{"href":"https:\/\/linitiative.ca\/International\/wp-json\/wp\/v2\/types\/post"}],"author":[{"embeddable":true,"href":"https:\/\/linitiative.ca\/International\/wp-json\/wp\/v2\/users\/1790"}],"replies":[{"embeddable":true,"href":"https:\/\/linitiative.ca\/International\/wp-json\/wp\/v2\/comments?post=47417"}],"version-history":[{"count":0,"href":"https:\/\/linitiative.ca\/International\/wp-json\/wp\/v2\/posts\/47417\/revisions"}],"wp:featuredmedia":[{"embeddable":true,"href":"https:\/\/linitiative.ca\/International\/wp-json\/"}],"wp:attachment":[{"href":"https:\/\/linitiative.ca\/International\/wp-json\/wp\/v2\/media?parent=47417"}],"wp:term":[{"taxonomy":"category","embeddable":true,"href":"https:\/\/linitiative.ca\/International\/wp-json\/wp\/v2\/categories?post=47417"},{"taxonomy":"post_tag","embeddable":true,"href":"https:\/\/linitiative.ca\/International\/wp-json\/wp\/v2\/tags?post=47417"}],"curies":[{"name":"wp","href":"https:\/\/api.w.org\/{rel}","templated":true}]}}