{"id":47421,"date":"2019-07-20T11:55:30","date_gmt":"2019-07-20T15:55:30","guid":{"rendered":"https:\/\/linitiative.ca\/International\/92202-judo-coupe-d-europe-2019-juniors-l-algerienne-maroua-mameri-en-finale-des-78-kg\/"},"modified":"2019-07-20T11:55:30","modified_gmt":"2019-07-20T15:55:30","slug":"92202-judo-coupe-d-europe-2019-juniors-l-algerienne-maroua-mameri-en-finale-des-78-kg","status":"publish","type":"post","link":"https:\/\/linitiative.ca\/International\/92202-judo-coupe-d-europe-2019-juniors-l-algerienne-maroua-mameri-en-finale-des-78-kg\/","title":{"rendered":"Judo \/ Coupe d&rsquo;Europe 2019 (Juniors): l&rsquo;Alg\u00e9rienne Maroua Mameri en finale des +78 kg"},"content":{"rendered":"<div>\n<div class=\"K2FeedIntroText\">\n<p><strong>PRAGUE- La judoka alg\u00e9rienne Maroua Mameri (+78 kg) s&rsquo;est qualifi\u00e9e samedi pour la finale de la Coupe d&rsquo;Europe 2019 de la cat\u00e9gorie juniors, qui se d\u00e9roule actuellement en R\u00e9publique tch\u00e8que, apr\u00e8s sa brillante victoire en demi-finale contre la Russe Elis Startseva.<\/strong><\/p>\n<\/div>\n<div class=\"K2FeedFullText\">\n<p>Revers\u00e9e dans la Poule \u00ab\u00a0C\u00a0\u00bb, la jeune alg\u00e9rienne a \u00e9t\u00e9 exempt\u00e9e du premier tour, et a d\u00e9marr\u00e9 directement au deuxi\u00e8me, contre l&rsquo;Italienne Asya Tavano, qu&rsquo;elle a facilement domin\u00e9e, pour s&#8217;emparer de la t\u00eate du groupe et de se qualifier par la m\u00eame occasion en demi-finale.<\/p>\n<p>L&rsquo;Alg\u00e9rie a engag\u00e9 un total de neuf judokas dans cette comp\u00e9tition qui se d\u00e9roule les 20 et 21 juillet dans la capitale Tch\u00e8que (3 Gar\u00e7ons et six Filles).<\/p>\n<p>Il s&rsquo;agit de Mouad Bouabaoub (-90 kg), Islam Bouyemout (-100 kg) et Hicham Anouar Hached (+100 kg) chez les Gar\u00e7ons, ainsi que Khadidja Bekhe\u00efra (-57 kg), Louiza Ichalel (-78 kg), Karima Kechout -70 kg), Sabrina Larbi (-63 kg), Maroua Mameri (-+78 kg) et Lamia Saoud (-48 kg) chez les Filles.<\/p>\n<p>Au total, 437 judokas (287 Gar\u00e7ons et 150 Filles), repr\u00e9sentant 39 pays, prennent part \u00e0 cette comp\u00e9tition.<\/p>\n<\/div>\n<p><img loading=\"lazy\" decoding=\"async\" src=\"http:\/\/feeds.feedburner.com\/~r\/aps-sport\/~4\/J1JGXFZzID8\" height=\"1\" width=\"1\" alt=\"\"><\/div>\n<p>Auteur:<br \/>\n<a href=\"http:\/\/www.aps.dz\/sport\/92202-judo-coupe-d-europe-2019-juniors-l-algerienne-maroua-mameri-en-finale-des-78-kg?utm_source=feedburner&#038;utm_medium=feed&#038;utm_campaign=Feed%3A+aps-sport+%28APS+-+SPORT%29\">Cliquez ici pour lire l&rsquo;article depuis sa source.<\/a><\/p>\n","protected":false},"excerpt":{"rendered":"<p>PRAGUE- La judoka alg\u00e9rienne Maroua Mameri (+78 kg) s&rsquo;est qualifi\u00e9e samedi pour la finale de la Coupe d&rsquo;Europe 2019 de la cat\u00e9gorie juniors, qui se d\u00e9roule actuellement en R\u00e9publique tch\u00e8que, apr\u00e8s sa brillante victoire en demi-finale contre la Russe Elis Startseva. Revers\u00e9e dans la Poule \u00ab\u00a0C\u00a0\u00bb, la jeune alg\u00e9rienne a \u00e9t\u00e9 exempt\u00e9e du premier tour, [&hellip;]<\/p>\n","protected":false},"author":1790,"featured_media":0,"comment_status":"closed","ping_status":"closed","sticky":false,"template":"","format":"standard","meta":{"fifu_image_url":"","fifu_image_alt":"","footnotes":""},"categories":[53,75],"tags":[],"class_list":["post-47421","post","type-post","status-publish","format-standard","hentry","category-algerie","category-sport"],"_links":{"self":[{"href":"https:\/\/linitiative.ca\/International\/wp-json\/wp\/v2\/posts\/47421","targetHints":{"allow":["GET"]}}],"collection":[{"href":"https:\/\/linitiative.ca\/International\/wp-json\/wp\/v2\/posts"}],"about":[{"href":"https:\/\/linitiative.ca\/International\/wp-json\/wp\/v2\/types\/post"}],"author":[{"embeddable":true,"href":"https:\/\/linitiative.ca\/International\/wp-json\/wp\/v2\/users\/1790"}],"replies":[{"embeddable":true,"href":"https:\/\/linitiative.ca\/International\/wp-json\/wp\/v2\/comments?post=47421"}],"version-history":[{"count":0,"href":"https:\/\/linitiative.ca\/International\/wp-json\/wp\/v2\/posts\/47421\/revisions"}],"wp:attachment":[{"href":"https:\/\/linitiative.ca\/International\/wp-json\/wp\/v2\/media?parent=47421"}],"wp:term":[{"taxonomy":"category","embeddable":true,"href":"https:\/\/linitiative.ca\/International\/wp-json\/wp\/v2\/categories?post=47421"},{"taxonomy":"post_tag","embeddable":true,"href":"https:\/\/linitiative.ca\/International\/wp-json\/wp\/v2\/tags?post=47421"}],"curies":[{"name":"wp","href":"https:\/\/api.w.org\/{rel}","templated":true}]}}