{"id":47422,"date":"2019-07-20T12:50:09","date_gmt":"2019-07-20T16:50:09","guid":{"rendered":"https:\/\/linitiative.ca\/International\/92203-can-2019-quatre-joueurs-algeriens-dans-l-equipe-type-du-tournoi\/"},"modified":"2019-07-20T12:50:09","modified_gmt":"2019-07-20T16:50:09","slug":"92203-can-2019-quatre-joueurs-algeriens-dans-l-equipe-type-du-tournoi","status":"publish","type":"post","link":"https:\/\/linitiative.ca\/International\/92203-can-2019-quatre-joueurs-algeriens-dans-l-equipe-type-du-tournoi\/","title":{"rendered":"CAN-2019: quatre joueurs alg\u00e9riens dans l&rsquo;\u00e9quipe-type du tournoi"},"content":{"rendered":"<div>\n<div class=\"K2FeedIntroText\">\n<p><strong>LE CAIRE &#8211; Quatre joueurs alg\u00e9riens figurent dans l&rsquo;\u00e9quipe-type de la Coupe d&rsquo;Afrique des nations CAN-2019 qui s&rsquo;est cl\u00f4tur\u00e9e vendredi soir au Caire par la cons\u00e9cration de la s\u00e9lection nationale face au S\u00e9n\u00e9gal (1-0).<\/strong><\/p>\n<\/div>\n<div class=\"K2FeedFullText\">\n<p>Les quatre internationaux alg\u00e9riens sont Ra\u00efs M&rsquo;Bolhi, \u00e9lu meilleur gardien du tournoi, les deux milieux de terrain Adlene Guedioura et Isma\u00ebl Bennacer (meilleur joueur du tournoi) ainsi que l&rsquo;attaquant Riyad Mahrez.<\/p>\n<p>Le S\u00e9n\u00e9gal domine ce 11 type de la CAF avec 5 joueurs dont 3 d\u00e9fenseurs :<\/p>\n<p>Lamine Gassama, Youssouf Sabaly, Kalidou Koulibaly, le milieu de terrain Idrissa Gana Gueye et l&rsquo;attaquant Sadio Man\u00e9.<\/p>\n<p>Le d\u00e9fenseur tunisien Yassine Meriah et l&rsquo;attaquant nig\u00e9rian Odion Jude Ighalo (meilleur buteur) compl\u00e8tent l&rsquo;\u00e9quipe-type de la CAN-2019, dirig\u00e9e par Djamel Belmadi (Alg\u00e9rie), \u00e9lu meilleur entra\u00eeneur.<\/p>\n<p>\u00a0<\/p>\n<p>Equipe-type de la CAN-2019 :<\/p>\n<p>\u00a0<\/p>\n<p>Gardien : Ra\u00efs M\u2019Bolhi (Alg\u00e9rie)<\/p>\n<p>\u00a0<\/p>\n<p>D\u00e9fenseurs : Lamine Gassama (S\u00e9n\u00e9gal), Yassine Meriah (Tunisie), Youssouf<\/p>\n<p>Sabaly (S\u00e9n\u00e9gal), Kalidou Koulibaly (S\u00e9n\u00e9gal)<\/p>\n<p>\u00a0<\/p>\n<p>Milieux de terrain: Adlene Guediora (Alg\u00e9rie), Idrissa Gana Gueye<\/p>\n<p>(S\u00e9n\u00e9gal), Isma\u00ebl Bennacer (Alg\u00e9rie)<\/p>\n<p>\u00a0<\/p>\n<p>Attaquants : Ri<\/p>\n<p>yad Mahrez (Alg\u00e9rie), Sadio Man\u00e9 (S\u00e9n\u00e9gal), Odion Jude<\/p>\n<p>Ighalo (Nigeria)<\/p>\n<\/div>\n<p><img loading=\"lazy\" decoding=\"async\" src=\"http:\/\/feeds.feedburner.com\/~r\/aps-sport\/~4\/7B1qnUBEATw\" height=\"1\" width=\"1\" alt=\"\"><\/div>\n<p>Auteur:<br \/>\n<a href=\"http:\/\/www.aps.dz\/sport\/92203-can-2019-quatre-joueurs-algeriens-dans-l-equipe-type-du-tournoi?utm_source=feedburner&#038;utm_medium=feed&#038;utm_campaign=Feed%3A+aps-sport+%28APS+-+SPORT%29\">Cliquez ici pour lire l&rsquo;article depuis sa source.<\/a><\/p>\n","protected":false},"excerpt":{"rendered":"<p>LE CAIRE &#8211; Quatre joueurs alg\u00e9riens figurent dans l&rsquo;\u00e9quipe-type de la Coupe d&rsquo;Afrique des nations CAN-2019 qui s&rsquo;est cl\u00f4tur\u00e9e vendredi soir au Caire par la cons\u00e9cration de la s\u00e9lection nationale face au S\u00e9n\u00e9gal (1-0). Les quatre internationaux alg\u00e9riens sont Ra\u00efs M&rsquo;Bolhi, \u00e9lu meilleur gardien du tournoi, les deux milieux de terrain Adlene Guedioura et Isma\u00ebl [&hellip;]<\/p>\n","protected":false},"author":1790,"featured_media":0,"comment_status":"closed","ping_status":"closed","sticky":false,"template":"","format":"standard","meta":{"fifu_image_url":"","fifu_image_alt":"","footnotes":""},"categories":[53,75],"tags":[],"class_list":["post-47422","post","type-post","status-publish","format-standard","hentry","category-algerie","category-sport"],"_links":{"self":[{"href":"https:\/\/linitiative.ca\/International\/wp-json\/wp\/v2\/posts\/47422","targetHints":{"allow":["GET"]}}],"collection":[{"href":"https:\/\/linitiative.ca\/International\/wp-json\/wp\/v2\/posts"}],"about":[{"href":"https:\/\/linitiative.ca\/International\/wp-json\/wp\/v2\/types\/post"}],"author":[{"embeddable":true,"href":"https:\/\/linitiative.ca\/International\/wp-json\/wp\/v2\/users\/1790"}],"replies":[{"embeddable":true,"href":"https:\/\/linitiative.ca\/International\/wp-json\/wp\/v2\/comments?post=47422"}],"version-history":[{"count":0,"href":"https:\/\/linitiative.ca\/International\/wp-json\/wp\/v2\/posts\/47422\/revisions"}],"wp:attachment":[{"href":"https:\/\/linitiative.ca\/International\/wp-json\/wp\/v2\/media?parent=47422"}],"wp:term":[{"taxonomy":"category","embeddable":true,"href":"https:\/\/linitiative.ca\/International\/wp-json\/wp\/v2\/categories?post=47422"},{"taxonomy":"post_tag","embeddable":true,"href":"https:\/\/linitiative.ca\/International\/wp-json\/wp\/v2\/tags?post=47422"}],"curies":[{"name":"wp","href":"https:\/\/api.w.org\/{rel}","templated":true}]}}