{"id":47423,"date":"2019-07-20T13:54:26","date_gmt":"2019-07-20T17:54:26","guid":{"rendered":"https:\/\/linitiative.ca\/International\/92206-can-2019-les-champions-d-afrique-algeriens-dans-le-bus-pour-une-parade-dans-la-capitale\/"},"modified":"2019-07-20T13:54:26","modified_gmt":"2019-07-20T17:54:26","slug":"92206-can-2019-les-champions-d-afrique-algeriens-dans-le-bus-pour-une-parade-dans-la-capitale","status":"publish","type":"post","link":"https:\/\/linitiative.ca\/International\/92206-can-2019-les-champions-d-afrique-algeriens-dans-le-bus-pour-une-parade-dans-la-capitale\/","title":{"rendered":"Les champions d&rsquo;Afrique alg\u00e9riens dans le bus pour une parade dans la capitale"},"content":{"rendered":"<div>\n<div class=\"K2FeedImage\"><img decoding=\"async\" src=\"http:\/\/www.aps.dz\/media\/k2\/items\/cache\/f0c8601456af98d56a3164fb4cf85fa9_S.jpg\" alt=\"Les champions d'Afrique alg\u00e9riens dans le bus pour une parade dans la capitale\"><\/div>\n<div class=\"K2FeedIntroText\">\n<p><strong>ALGER- Les champions d&rsquo;Afrique alg\u00e9riens, arriv\u00e9s samedi apr\u00e8s-midi \u00e0 Alger en provenance d&rsquo;Egypte o\u00f9 ils ont pris part \u00e0 la Coupe d&rsquo;Afrique des nations CAN-2019 de football, ont pris place dans le\u00a0bus pour effectuer une parade dans les art\u00e8res de la capitale.<\/strong><\/p>\n<\/div>\n<div class=\"K2FeedFullText\">\n<p>Apr\u00e8s une pause au salon d`honneur de l`a\u00e9roport Houari-Boumediene, les partenaires du capitaine Riyad Mahrez entament une parade qui les m\u00e8nera \u00e0 travers les art\u00e8res de la capitale o\u00f9 un accueil populaire est pr\u00e9vu en leur honneur, apr\u00e8s leur cons\u00e9cration africaine, 29 ans apr\u00e8s leur premier\u00a0succ\u00e8s.<\/p>\n<hr>\n<p><a href=\"http:\/\/www.aps.dz\/sport\/92185-can-2019-retour-en-algerie-des-champions-d-afrique\">Lire aussi: CAN-2019: retour en Alg\u00e9rie des champions d&rsquo;Afrique\u00a0 \u00a0<\/a><\/p>\n<hr>\n<p>Les joueurs alg\u00e9riens d\u00e9filent dans un bus \u00e0 imp\u00e9riale selon un itin\u00e9raire qui d\u00e9bute par une sortie sur l&rsquo;avenue de l`ALN vers le rond-point de la place du 1er-Mai. Les hommes de Djamel Belmadi prendront ensuite la route vers l`avenue de l`Ind\u00e9pendance en direction du Palais du peuple, point final de la parade, o\u00f9 ils seront re\u00e7us par le chef de l&rsquo;Etat, Abdelkader Bensalah.<\/p>\n<p>La s\u00e9lection alg\u00e9rienne de football a \u00e9t\u00e9 sacr\u00e9e championne d&rsquo;Afrique pour la deuxi\u00e8me fois de son histoire en battant le S\u00e9n\u00e9gal (1-0) vendredi soir au Caire, en finale de la CAN-2019.<\/p>\n<p>\u00a0<\/p>\n<p>\u00a0<\/p>\n<\/div>\n<p><img loading=\"lazy\" decoding=\"async\" src=\"http:\/\/feeds.feedburner.com\/~r\/aps-sport\/~4\/yib-LTgUEnE\" height=\"1\" width=\"1\" alt=\"\"><\/div>\n<p>Auteur:<br \/>\n<a href=\"http:\/\/www.aps.dz\/sport\/92206-can-2019-les-champions-d-afrique-algeriens-dans-le-bus-pour-une-parade-dans-la-capitale?utm_source=feedburner&#038;utm_medium=feed&#038;utm_campaign=Feed%3A+aps-sport+%28APS+-+SPORT%29\">Cliquez ici pour lire l&rsquo;article depuis sa source.<\/a><\/p>\n","protected":false},"excerpt":{"rendered":"<p>ALGER- Les champions d&rsquo;Afrique alg\u00e9riens, arriv\u00e9s samedi apr\u00e8s-midi \u00e0 Alger en provenance d&rsquo;Egypte o\u00f9 ils ont pris part \u00e0 la Coupe d&rsquo;Afrique des nations CAN-2019 de football, ont pris place dans le\u00a0bus pour effectuer une parade dans les art\u00e8res de la capitale. Apr\u00e8s une pause au salon d`honneur de l`a\u00e9roport Houari-Boumediene, les partenaires du capitaine [&hellip;]<\/p>\n","protected":false},"author":1790,"featured_media":47424,"comment_status":"closed","ping_status":"closed","sticky":false,"template":"","format":"standard","meta":{"fifu_image_url":"","fifu_image_alt":"","footnotes":""},"categories":[53,75],"tags":[],"class_list":["post-47423","post","type-post","status-publish","format-standard","has-post-thumbnail","hentry","category-algerie","category-sport"],"_links":{"self":[{"href":"https:\/\/linitiative.ca\/International\/wp-json\/wp\/v2\/posts\/47423","targetHints":{"allow":["GET"]}}],"collection":[{"href":"https:\/\/linitiative.ca\/International\/wp-json\/wp\/v2\/posts"}],"about":[{"href":"https:\/\/linitiative.ca\/International\/wp-json\/wp\/v2\/types\/post"}],"author":[{"embeddable":true,"href":"https:\/\/linitiative.ca\/International\/wp-json\/wp\/v2\/users\/1790"}],"replies":[{"embeddable":true,"href":"https:\/\/linitiative.ca\/International\/wp-json\/wp\/v2\/comments?post=47423"}],"version-history":[{"count":0,"href":"https:\/\/linitiative.ca\/International\/wp-json\/wp\/v2\/posts\/47423\/revisions"}],"wp:featuredmedia":[{"embeddable":true,"href":"https:\/\/linitiative.ca\/International\/wp-json\/"}],"wp:attachment":[{"href":"https:\/\/linitiative.ca\/International\/wp-json\/wp\/v2\/media?parent=47423"}],"wp:term":[{"taxonomy":"category","embeddable":true,"href":"https:\/\/linitiative.ca\/International\/wp-json\/wp\/v2\/categories?post=47423"},{"taxonomy":"post_tag","embeddable":true,"href":"https:\/\/linitiative.ca\/International\/wp-json\/wp\/v2\/tags?post=47423"}],"curies":[{"name":"wp","href":"https:\/\/api.w.org\/{rel}","templated":true}]}}