{"id":47427,"date":"2019-07-20T14:30:01","date_gmt":"2019-07-20T18:30:01","guid":{"rendered":"https:\/\/linitiative.ca\/International\/92211-can-2019-l-equipe-du-senegal-acclamee-par-des-milliers-de-supporters-a-dakar\/"},"modified":"2019-07-20T14:30:01","modified_gmt":"2019-07-20T18:30:01","slug":"92211-can-2019-l-equipe-du-senegal-acclamee-par-des-milliers-de-supporters-a-dakar","status":"publish","type":"post","link":"https:\/\/linitiative.ca\/International\/92211-can-2019-l-equipe-du-senegal-acclamee-par-des-milliers-de-supporters-a-dakar\/","title":{"rendered":"CAN 2019: l&rsquo;\u00e9quipe du S\u00e9n\u00e9gal acclam\u00e9e par des milliers de supporters \u00e0 Dakar"},"content":{"rendered":"<div>\n<div class=\"K2FeedIntroText\">\n<p><strong>DAKAR &#8211; L\u2019\u00e9quipe du S\u00e9n\u00e9gal, vice-championne d\u2019Afrique \u00e0 l\u2019issue de la Coupe d\u2019Afrique des nations 2019 en Egypte, est arriv\u00e9e samedi apr\u00e8s-midi vers 16h00 heures (locale) \u00e0 l\u2019a\u00e9roport militaire de Yoff(a\u00e9roport L\u00e9opold Sedar Senghor) ou elle a \u00e9t\u00e9 acclam\u00e9e par un public nombreux , a indiqu\u00e9 l&rsquo;agence de presse s\u00e9n\u00e9galaise APS.<\/strong><\/p>\n<\/div>\n<div class=\"K2FeedFullText\">\n<p>Selon la m\u00eame source, deux bus transportant les Lions du S\u00e9n\u00e9gal, vice-champions d\u2019Afrique 2019, ont quitt\u00e9 l\u2019a\u00e9roport L\u00e9opold Sedar Senghor en direction du palais de la R\u00e9publique, sis au centre ville de Dakar.<\/p>\n<p>Partout o\u00f9 ils passent, les joueurs et leur entraineur Aliou Ciss\u00e9 sont acclam\u00e9s par des milliers de supporters sortis leur rendre hommage apr\u00e8s leur brillante prestation \u00e0 la 32e \u00e9dition de la Coupe d\u2019Afrique des nations en Egypte.<\/p>\n<p>La s\u00e9lection s\u00e9n\u00e9galaise s&rsquo;est inclin\u00e9e face \u00e0 son homologue alg\u00e9rienne sur le score de 1 &#8211; 0 en finale disput\u00e9e vendredi soir\u00a0 au stade International du Caire.<\/p>\n<p>La qualification des Lions de la teranga en finale apr\u00e8s leur victoire (1-0) contre la Tunisie avait suscit\u00e9 un v\u00e9ritable engouement chez les supporters qui esp\u00e9raient cette fois-ci le sacre tant attendu. Mais le sort en d\u00e9cid\u00e9 autrement et c\u2019est l\u2019Alg\u00e9rie qui a ainsi \u00e9t\u00e9 sacr\u00e9e pour la seconde fois de son histoire.<\/p>\n<p>C\u2019est la deuxi\u00e8me finale de CAN perdue par le S\u00e9n\u00e9gal apr\u00e8s celle de 2002 au Mali, o\u00f9 les Lions avaient \u00e9t\u00e9 priv\u00e9s du troph\u00e9e par le Cameroun.<\/p>\n<\/div>\n<p><img loading=\"lazy\" decoding=\"async\" src=\"http:\/\/feeds.feedburner.com\/~r\/aps-sport\/~4\/TMIqYteAIgg\" height=\"1\" width=\"1\" alt=\"\"><\/div>\n<p>Auteur:<br \/>\n<a href=\"http:\/\/www.aps.dz\/sport\/92211-can-2019-l-equipe-du-senegal-acclamee-par-des-milliers-de-supporters-a-dakar?utm_source=feedburner&#038;utm_medium=feed&#038;utm_campaign=Feed%3A+aps-sport+%28APS+-+SPORT%29\">Cliquez ici pour lire l&rsquo;article depuis sa source.<\/a><\/p>\n","protected":false},"excerpt":{"rendered":"<p>DAKAR &#8211; L\u2019\u00e9quipe du S\u00e9n\u00e9gal, vice-championne d\u2019Afrique \u00e0 l\u2019issue de la Coupe d\u2019Afrique des nations 2019 en Egypte, est arriv\u00e9e samedi apr\u00e8s-midi vers 16h00 heures (locale) \u00e0 l\u2019a\u00e9roport militaire de Yoff(a\u00e9roport L\u00e9opold Sedar Senghor) ou elle a \u00e9t\u00e9 acclam\u00e9e par un public nombreux , a indiqu\u00e9 l&rsquo;agence de presse s\u00e9n\u00e9galaise APS. Selon la m\u00eame source, [&hellip;]<\/p>\n","protected":false},"author":1790,"featured_media":0,"comment_status":"closed","ping_status":"closed","sticky":false,"template":"","format":"standard","meta":{"fifu_image_url":"","fifu_image_alt":"","footnotes":""},"categories":[53,75],"tags":[],"class_list":["post-47427","post","type-post","status-publish","format-standard","hentry","category-algerie","category-sport"],"_links":{"self":[{"href":"https:\/\/linitiative.ca\/International\/wp-json\/wp\/v2\/posts\/47427","targetHints":{"allow":["GET"]}}],"collection":[{"href":"https:\/\/linitiative.ca\/International\/wp-json\/wp\/v2\/posts"}],"about":[{"href":"https:\/\/linitiative.ca\/International\/wp-json\/wp\/v2\/types\/post"}],"author":[{"embeddable":true,"href":"https:\/\/linitiative.ca\/International\/wp-json\/wp\/v2\/users\/1790"}],"replies":[{"embeddable":true,"href":"https:\/\/linitiative.ca\/International\/wp-json\/wp\/v2\/comments?post=47427"}],"version-history":[{"count":0,"href":"https:\/\/linitiative.ca\/International\/wp-json\/wp\/v2\/posts\/47427\/revisions"}],"wp:attachment":[{"href":"https:\/\/linitiative.ca\/International\/wp-json\/wp\/v2\/media?parent=47427"}],"wp:term":[{"taxonomy":"category","embeddable":true,"href":"https:\/\/linitiative.ca\/International\/wp-json\/wp\/v2\/categories?post=47427"},{"taxonomy":"post_tag","embeddable":true,"href":"https:\/\/linitiative.ca\/International\/wp-json\/wp\/v2\/tags?post=47427"}],"curies":[{"name":"wp","href":"https:\/\/api.w.org\/{rel}","templated":true}]}}