{"id":47428,"date":"2019-07-20T14:39:00","date_gmt":"2019-07-20T18:39:00","guid":{"rendered":"https:\/\/linitiative.ca\/International\/bejaia-arrestation-dun-baron-de-la-drogue\/"},"modified":"2019-07-20T14:39:00","modified_gmt":"2019-07-20T18:39:00","slug":"bejaia-arrestation-dun-baron-de-la-drogue","status":"publish","type":"post","link":"https:\/\/linitiative.ca\/International\/bejaia-arrestation-dun-baron-de-la-drogue\/","title":{"rendered":"BEJA\u00cfA : Arrestation d&rsquo;un baron de la drogue"},"content":{"rendered":"<p><br id=\"sep_para_1\" class=\"sep_para access\"\/><\/p>\n<div id=\"para_1\" class=\"para_32228764 resize\">\n<div class=\"texte access firstletter\">Un dealer, qualifi\u00e9 de \u00ab\u00a0baron de la drogue\u00a0\u00bb par la police, a \u00e9t\u00e9 arr\u00eat\u00e9 avec dans ses bagages plus de 15 kg de kif trait\u00e9 sur le point d\u2019\u00eatre c\u00e9d\u00e9 \u00e0 d\u2019autres vendeurs de drogue, a indiqu\u00e9 vendredi un communiqu\u00e9 de la suret\u00e9 de la wilaya de B\u00e9ja\u00efa. La m\u00eame source a soulign\u00e9 que le mis en cause a \u00e9t\u00e9 neutralis\u00e9 non loin de son domicile, situ\u00e9 dans une wilaya du sud, sans en pr\u00e9ciser le nom, affirmant que l\u2019op\u00e9ration a \u00e9t\u00e9 l\u2019\u0153uvre d&rsquo;\u00e9l\u00e9ments de B\u00e9ja\u00efa, auteurs d\u2019une enqu\u00eate profonde, entam\u00e9e \u00e0 B\u00e9ja\u00efa et achev\u00e9e dans le sud du pays. Les investigations, a-t-on ajout\u00e9, ont \u00e9t\u00e9 ouvertes suite \u00e0 des informations faisant cas de l\u2019arriv\u00e9e d\u2019importantes quantit\u00e9s de drogue dans la ville \u00e0 B\u00e9ja\u00efa pour alimenter tous les r\u00e9seaux locaux sp\u00e9cialis\u00e9s dans le commerce de psychotropes. Rapidement, le profil du mis en cause, son modus op\u00e9randi, ses contacts ainsi que ses d\u00e9placements ont \u00e9t\u00e9 identifi\u00e9s, n\u00e9cessitant une descente sur les lieux m\u00eames, accueillant ses principales activit\u00e9s. Apr\u00e8s surveillance, il a \u00e9t\u00e9 appr\u00e9hend\u00e9 au moment o\u00f9 il regagnait son domicile, transportant sur lui une barrique, bourr\u00e9e de kif, sur le point d\u2019\u00eatre achemin\u00e9e vers B\u00e9ja\u00efa. D\u00e9f\u00e9r\u00e9 au parquet de B\u00e9ja\u00efa, puis soumis \u00e0 une comparution imm\u00e9diate, il a \u00e9cop\u00e9 d\u2019une peine de 15 ans de prison ferme.<\/div>\n<\/div>\n<p>Auteur: R\u00e9flexion<br \/>\n<a href=\"https:\/\/www.reflexiondz.net\/BEJAIA-Arrestation-d-un-baron-de-la-drogue_a56683.html\">Cliquez ici pour lire l&rsquo;article depuis sa source.<\/a><\/p>\n","protected":false},"excerpt":{"rendered":"<p>Un dealer, qualifi\u00e9 de \u00ab\u00a0baron de la drogue\u00a0\u00bb par la police, a \u00e9t\u00e9 arr\u00eat\u00e9 avec dans ses bagages plus de 15 kg de kif trait\u00e9 sur le point d\u2019\u00eatre c\u00e9d\u00e9 \u00e0 d\u2019autres vendeurs de drogue, a indiqu\u00e9 vendredi un communiqu\u00e9 de la suret\u00e9 de la wilaya de B\u00e9ja\u00efa. La m\u00eame source a soulign\u00e9 que le [&hellip;]<\/p>\n","protected":false},"author":1740,"featured_media":0,"comment_status":"closed","ping_status":"closed","sticky":false,"template":"","format":"standard","meta":{"fifu_image_url":"","fifu_image_alt":"","footnotes":""},"categories":[53,76],"tags":[],"class_list":["post-47428","post","type-post","status-publish","format-standard","hentry","category-algerie","category-regions"],"_links":{"self":[{"href":"https:\/\/linitiative.ca\/International\/wp-json\/wp\/v2\/posts\/47428","targetHints":{"allow":["GET"]}}],"collection":[{"href":"https:\/\/linitiative.ca\/International\/wp-json\/wp\/v2\/posts"}],"about":[{"href":"https:\/\/linitiative.ca\/International\/wp-json\/wp\/v2\/types\/post"}],"author":[{"embeddable":true,"href":"https:\/\/linitiative.ca\/International\/wp-json\/wp\/v2\/users\/1740"}],"replies":[{"embeddable":true,"href":"https:\/\/linitiative.ca\/International\/wp-json\/wp\/v2\/comments?post=47428"}],"version-history":[{"count":0,"href":"https:\/\/linitiative.ca\/International\/wp-json\/wp\/v2\/posts\/47428\/revisions"}],"wp:attachment":[{"href":"https:\/\/linitiative.ca\/International\/wp-json\/wp\/v2\/media?parent=47428"}],"wp:term":[{"taxonomy":"category","embeddable":true,"href":"https:\/\/linitiative.ca\/International\/wp-json\/wp\/v2\/categories?post=47428"},{"taxonomy":"post_tag","embeddable":true,"href":"https:\/\/linitiative.ca\/International\/wp-json\/wp\/v2\/tags?post=47428"}],"curies":[{"name":"wp","href":"https:\/\/api.w.org\/{rel}","templated":true}]}}