{"id":47430,"date":"2019-07-20T14:50:00","date_gmt":"2019-07-20T18:50:00","guid":{"rendered":"https:\/\/linitiative.ca\/International\/accusee-davoir-detruit-les-ecoles-superieures-nouria-benghabrit-attaquee-de-toutes-parts\/"},"modified":"2019-07-20T14:50:00","modified_gmt":"2019-07-20T18:50:00","slug":"accusee-davoir-detruit-les-ecoles-superieures-nouria-benghabrit-attaquee-de-toutes-parts","status":"publish","type":"post","link":"https:\/\/linitiative.ca\/International\/accusee-davoir-detruit-les-ecoles-superieures-nouria-benghabrit-attaquee-de-toutes-parts\/","title":{"rendered":"ACCUSEE D\u2019AVOIR DETRUIT LES ECOLES SUPERIEURES : Nouria Benghabrit attaqu\u00e9e de toutes parts"},"content":{"rendered":"<p><br id=\"sep_para_1\" class=\"sep_para access\"\/><\/p>\n<div id=\"para_1\" class=\"para_32228801 resize\">\n<div class=\"photo shadow left\"><a href=\"javascript:void(0)\" rel=\"https:\/\/www.reflexiondz.net\/photo\/art\/grande\/35767319-32228801.jpg?v=1563650023&#038;ibox\" title=\"ACCUSEE D\u2019AVOIR DETRUIT LES ECOLES SUPERIEURES : Nouria Benghabrit attaqu\u00e9e de toutes parts\"><img decoding=\"async\" class=\"responsive c9\" src=\"https:\/\/www.reflexiondz.net\/photo\/art\/grande\/35767319-32228801.jpg?v=1563650023\" alt=\"ACCUSEE D\u2019AVOIR DETRUIT LES ECOLES SUPERIEURES : Nouria Benghabrit attaqu\u00e9e de toutes parts\" title=\"ACCUSEE D\u2019AVOIR DETRUIT LES ECOLES SUPERIEURES : Nouria Benghabrit attaqu\u00e9e de toutes parts\"\/><img decoding=\"async\" class=\"not-responsive\" src=\"https:\/\/www.reflexiondz.net\/photo\/art\/default\/35767319-32228801.jpg?v=1563650025\" alt=\"ACCUSEE D\u2019AVOIR DETRUIT LES ECOLES SUPERIEURES : Nouria Benghabrit attaqu\u00e9e de toutes parts\" title=\"ACCUSEE D\u2019AVOIR DETRUIT LES ECOLES SUPERIEURES : Nouria Benghabrit attaqu\u00e9e de toutes parts\"\/><\/a><\/div>\n<div class=\"texte access firstletter\">Selon l\u2019ancien cadre de l\u2019\u00c9ducation, Nouria Benghabrit aurait men\u00e9, durant ses 5 ans pass\u00e9s \u00e0 la t\u00eate du minist\u00e8re de l\u2019\u00c9ducation nationale, une v\u00e9ritable guerre contre les \u00e9coles sup\u00e9rieures des enseignants. \u00ab L\u2019ex-ministre (Nouria Benghabrit, NDLR) a commenc\u00e9 par la lev\u00e9e de la priorit\u00e9 des dipl\u00f4m\u00e9s des \u00e9coles normales sup\u00e9rieures dans le recrutement des enseignants. Pour ensuite, arriver \u00e0 mettre sur le m\u00eame pied d\u2019\u00e9galit\u00e9 les dipl\u00f4m\u00e9s ENS et les autres dipl\u00f4m\u00e9s de l\u2019universit\u00e9 dans l\u2019acc\u00e8s par concours \u00e0 l\u2019enseignement \u00bb, a accus\u00e9 Mohamed Boukhetta , dans une d\u00e9claration accord\u00e9e au quotidien arabophone Echorouk. Interrog\u00e9 sur les raisons de cet \u00ab acharnement \u00bb de Benghabrit contre les \u00e9coles des enseignants, Mohamed Boukhetta avance qu\u2019il s\u2019agit de \u00ab motivations d\u2019ordre id\u00e9ologique \u00bb. D\u2019apr\u00e8s lui, \u00ab Nouria Benghabrit voulait combattre les \u00e9coles sup\u00e9rieures des enseignants qu\u2019elle consid\u00e9rait comme des \u00e9coles arabisantes \u00bb, a-t-il expliqu\u00e9. L\u2019ancien responsable estime que l\u2019ex-ministre voulait en finir avec ces \u00ab \u00e9coles arabisantes \u00bb, pour les remplacer par d\u2019autres instituts en corr\u00e9lation avec son \u00ab projet francophile \u00bb. Pour rappel, l\u2019organisation nationale des parents d\u2019\u00e9l\u00e8ves avait saisi, le 26 juin dernier, la justice alg\u00e9rienne contre l\u2019ancienne ministre, Nouria Benghabrit, qu\u2019elle avait accus\u00e9e de \u00ab haute trahison \u00bb, \u00ab abus de pouvoir \u00bb et \u00ab abus de confiance \u00bb. Une plainte aurait \u00e9t\u00e9 d\u00e9pos\u00e9e aupr\u00e8s du procureur g\u00e9n\u00e9ral du Tribunal d\u2019Alger, incluant 22 affaires li\u00e9es \u00e0 l\u2019\u00e9cole et \u00e0 la soci\u00e9t\u00e9. Ladite organisation a demand\u00e9 l\u2019ouverture d\u2019une enqu\u00eate judiciaire, \u00ab en raison des graves violations qui ont affect\u00e9 le syst\u00e8me \u00e9ducatif et le secteur de l\u2019\u00e9ducation \u00bb sous l\u2019\u00e8re Benghabrit.<\/div>\n<\/div>\n<p>Auteur: Ismain<br \/>\n<a href=\"https:\/\/www.reflexiondz.net\/ACCUSEE-D-AVOIR-DETRUIT-LES-ECOLES-SUPERIEURES-Nouria-Benghabrit-attaquee-de-toutes-parts_a56696.html\">Cliquez ici pour lire l&rsquo;article depuis sa source.<\/a><\/p>\n","protected":false},"excerpt":{"rendered":"<p>Selon l\u2019ancien cadre de l\u2019\u00c9ducation, Nouria Benghabrit aurait men\u00e9, durant ses 5 ans pass\u00e9s \u00e0 la t\u00eate du minist\u00e8re de l\u2019\u00c9ducation nationale, une v\u00e9ritable guerre contre les \u00e9coles sup\u00e9rieures des enseignants. \u00ab L\u2019ex-ministre (Nouria Benghabrit, NDLR) a commenc\u00e9 par la lev\u00e9e de la priorit\u00e9 des dipl\u00f4m\u00e9s des \u00e9coles normales sup\u00e9rieures dans le recrutement des enseignants. [&hellip;]<\/p>\n","protected":false},"author":1740,"featured_media":0,"comment_status":"closed","ping_status":"closed","sticky":false,"template":"","format":"standard","meta":{"fifu_image_url":"","fifu_image_alt":"","footnotes":""},"categories":[53,76],"tags":[],"class_list":["post-47430","post","type-post","status-publish","format-standard","hentry","category-algerie","category-regions"],"_links":{"self":[{"href":"https:\/\/linitiative.ca\/International\/wp-json\/wp\/v2\/posts\/47430","targetHints":{"allow":["GET"]}}],"collection":[{"href":"https:\/\/linitiative.ca\/International\/wp-json\/wp\/v2\/posts"}],"about":[{"href":"https:\/\/linitiative.ca\/International\/wp-json\/wp\/v2\/types\/post"}],"author":[{"embeddable":true,"href":"https:\/\/linitiative.ca\/International\/wp-json\/wp\/v2\/users\/1740"}],"replies":[{"embeddable":true,"href":"https:\/\/linitiative.ca\/International\/wp-json\/wp\/v2\/comments?post=47430"}],"version-history":[{"count":0,"href":"https:\/\/linitiative.ca\/International\/wp-json\/wp\/v2\/posts\/47430\/revisions"}],"wp:attachment":[{"href":"https:\/\/linitiative.ca\/International\/wp-json\/wp\/v2\/media?parent=47430"}],"wp:term":[{"taxonomy":"category","embeddable":true,"href":"https:\/\/linitiative.ca\/International\/wp-json\/wp\/v2\/categories?post=47430"},{"taxonomy":"post_tag","embeddable":true,"href":"https:\/\/linitiative.ca\/International\/wp-json\/wp\/v2\/tags?post=47430"}],"curies":[{"name":"wp","href":"https:\/\/api.w.org\/{rel}","templated":true}]}}